{"id":1,"date":"2020-09-08T13:42:19","date_gmt":"2020-09-08T11:42:19","guid":{"rendered":"http:\/\/www.druide-audio.fr\/?p=1"},"modified":"2023-03-06T13:08:21","modified_gmt":"2023-03-06T12:08:21","slug":"bonjour-tout-le-monde","status":"publish","type":"post","link":"https:\/\/www.druide-audio.fr\/index.php\/2020\/09\/08\/bonjour-tout-le-monde\/","title":{"rendered":"Le son n&#8217;est plus comme avant, il a une plus grande classe, comme si il avait pris de l&#8217;assurance, de l&#8217;ampleur, &#8211; J-H Breton"},"content":{"rendered":"<p><span style=\"font-family: Calibri, sans-serif;\">le\u00a0: 05 \/02 \/2020<\/span><\/p>\n<p><span style=\"font-family: Calibri, sans-serif;\"><span style=\"font-size: large;\"><b>Essais des plaques INERTA avec leurs Pieds<\/b><\/span><\/span><\/p>\n<p><span style=\"font-family: Calibri, sans-serif;\"><span style=\"font-size: small;\"><span style=\"font-size: medium;\">Je poss\u00e8de chez moi un syst\u00e8me haute fid\u00e9lit\u00e9 que l&#8217;on peut consid\u00e9rer comme Vintage, que je connais bien, compos\u00e9 comme suit\u00a0:<\/span><\/span><\/span><\/p>\n<p><span style=\"font-family: Calibri, sans-serif;\"><span style=\"font-size: medium;\">1 lecteur CD Onkyo Int\u00e9gra DX-320,<\/span><\/span><\/p>\n<p><span style=\"font-family: Calibri, sans-serif;\"><span style=\"font-size: medium;\">1 amplificateur Kenwood KA-2500 reconditionn\u00e9 par Mr PONS de SON et PASSION,<\/span><\/span><\/p>\n<p><span style=\"font-family: Calibri, sans-serif;\"><span style=\"font-size: medium;\">1 paire d&#8217;enceintes \u00e0 haut rendement (93,5 db\/m) Cabasse Brick M8<\/span><\/span><\/p>\n<p><span style=\"font-family: Calibri, sans-serif;\"><span style=\"font-size: medium;\">Lorsque Mr Michel WOLF, le cr\u00e9ateur des plaques INERTA m&#8217;en a pr\u00eat\u00e9 une paire pour essayer <\/span><\/span><span style=\"font-family: Calibri, sans-serif;\"><span style=\"font-size: medium;\">sous mes enceintes, j&#8217;\u00e9tais curieux d&#8217;entendre ce que \u00e7a apporterait \u00e0 ma cha\u00eene.<\/span><\/span><\/p>\n<p><span style=\"font-family: Calibri, sans-serif;\"><span style=\"font-size: medium;\">Le syst\u00e8me INERTA se compose de 3 pieds sur lesquels vient se poser une plaque, sur laquelle vient se poser l&#8217;enceinte.<br \/>\n<\/span><\/span><span style=\"font-family: Calibri, sans-serif;\"><span style=\"font-size: medium;\">A la premi\u00e8re mise en service de mon syst\u00e8me, on per\u00e7oit de suite une diff\u00e9rence :<\/span><\/span><\/p>\n<p><span style=\"font-size: medium; font-family: Calibri, sans-serif;\">Le son n&#8217;est plus comme avant, il a une plus grande classe, comme si il avait pris de l&#8217;assurance, de l&#8217;ampleur,<br \/>\n<\/span><span style=\"font-size: medium; font-family: Calibri, sans-serif;\">L&#8217;image st\u00e9r\u00e9o semble plus large, plus nette, plus pr\u00e9cise,<br \/>\n<\/span><span style=\"font-size: medium; font-family: Calibri, sans-serif;\">Les attaques sont plus franches, du coup le rythme de la musique est plus \u00e9vident a suivre,<br \/>\n<\/span><span style=\"font-size: medium; font-family: Calibri, sans-serif;\">Les timbres des instruments sont plus vrais aussi, et l&#8217;on per\u00e7oit mieux l&#8217;extinction des notes,<br \/>\n<\/span><span style=\"font-family: Calibri, sans-serif;\"><span style=\"font-size: medium;\">Les voix sont plus naturelles avec \u00e9galement moins d&#8217;agressivit\u00e9.<\/span><\/span><\/p>\n<p><span style=\"font-size: medium;\"><span style=\"font-family: Calibri, sans-serif;\">Finalement ces plaques ont apport\u00e9 des am\u00e9liorations sur de nombreux param\u00e8tres qui rendent beaucoup plus agr\u00e9able et plus vraie, l&#8217;\u00e9coute de la musique sur mon syst\u00e8me.<\/span><\/span><\/p>\n<p><span style=\"font-size: medium;\"><span style=\"font-family: Calibri, sans-serif;\"> Jean-Hugues<\/span><\/span><\/p>\n<p><img loading=\"lazy\" decoding=\"async\" class=\"size-medium wp-image-113 alignleft\" src=\"https:\/\/i0.wp.com\/www.druide-audio.fr\/wp-content\/uploads\/2020\/09\/P1000196.jpg?resize=300%2C225&#038;ssl=1\" alt=\"\" width=\"300\" height=\"225\" srcset=\"https:\/\/i0.wp.com\/www.druide-audio.fr\/wp-content\/uploads\/2020\/09\/P1000196-scaled.jpg?resize=300%2C225&amp;ssl=1 300w, https:\/\/i0.wp.com\/www.druide-audio.fr\/wp-content\/uploads\/2020\/09\/P1000196-scaled.jpg?resize=1024%2C768&amp;ssl=1 1024w, https:\/\/i0.wp.com\/www.druide-audio.fr\/wp-content\/uploads\/2020\/09\/P1000196-scaled.jpg?resize=768%2C576&amp;ssl=1 768w, https:\/\/i0.wp.com\/www.druide-audio.fr\/wp-content\/uploads\/2020\/09\/P1000196-scaled.jpg?resize=1536%2C1152&amp;ssl=1 1536w, https:\/\/i0.wp.com\/www.druide-audio.fr\/wp-content\/uploads\/2020\/09\/P1000196-scaled.jpg?resize=2048%2C1536&amp;ssl=1 2048w, https:\/\/i0.wp.com\/www.druide-audio.fr\/wp-content\/uploads\/2020\/09\/P1000196-scaled.jpg?w=2280&amp;ssl=1 2280w\" sizes=\"auto, (max-width: 300px) 100vw, 300px\" data-recalc-dims=\"1\" \/><\/p>\n","protected":false},"excerpt":{"rendered":"<p>le\u00a0: 05 \/02 \/2020 Essais des plaques INERTA avec leurs Pieds Je poss\u00e8de chez moi un syst\u00e8me haute fid\u00e9lit\u00e9 que l&#8217;on peut consid\u00e9rer comme Vintage, que je connais bien, compos\u00e9 comme suit\u00a0: 1 lecteur CD Onkyo Int\u00e9gra DX-320, 1 amplificateur Kenwood KA-2500 reconditionn\u00e9 par Mr PONS de SON et PASSION, 1 paire d&#8217;enceintes \u00e0 haut [&hellip;]<\/p>\n","protected":false},"author":1,"featured_media":113,"comment_status":"open","ping_status":"open","sticky":false,"template":"","format":"standard","meta":{"footnotes":""},"categories":[7],"tags":[],"class_list":{"0":"post-1","1":"post","2":"type-post","3":"status-publish","4":"format-standard","5":"has-post-thumbnail","7":"category-melomanes","8":"czr-hentry"},"jetpack_featured_media_url":"https:\/\/i0.wp.com\/www.druide-audio.fr\/wp-content\/uploads\/2020\/09\/P1000196-scaled.jpg?fit=2560%2C1920&ssl=1","jetpack-related-posts":[{"id":376,"url":"https:\/\/www.druide-audio.fr\/index.php\/2021\/04\/27\/et-pourtant-elle-tourne\/","url_meta":{"origin":1,"position":0},"title":"La vitesse est juste pile et tr\u00e8s stable &#8211; Just Listen","date":"27 avril 2021","format":false,"excerpt":"Just Listen, le 27\/04\/2021 Je poss\u00e8de un peu tout ce qu'a commis notre ami Michel depuis le d\u00e9but : divers supports pour les \u00e9lectroniques (amplis, DAC, Mac mini, platine CD, vinyle, couvres AOP Burson, ...), enceintes Leedh E2, sans compter un ch\u00e2ssis d'amplificateur DIY con\u00e7u sur mesure. Mais lorsque le\u2026","rel":"","context":"Dans &quot;M\u00e9lomanes&quot;","img":{"alt_text":"","src":"https:\/\/i0.wp.com\/www.druide-audio.fr\/wp-content\/uploads\/2020\/11\/Platine1-scaled.jpg?fit=900%2C1200&ssl=1&resize=350%2C200","width":350,"height":200},"classes":[]},{"id":407,"url":"https:\/\/www.druide-audio.fr\/index.php\/2021\/05\/18\/philippe-pel-toscane\/","url_meta":{"origin":1,"position":1},"title":"&#8220;Boom&#8221; ! Le son de chez Patatorz","date":"18 mai 2021","format":false,"excerpt":"Philippe, 29\/04\/2021 Ayant des pieds Inerta depuis quelques jours sous mes enceintes \u00e0 la place des plots Bfly, je veux vous faire partager mes impressions d'\u00e9coute et les am\u00e9liorations que cela \u00e0 apporter \u00e0 mon syst\u00e8me ...\/.. Mes premiers mots....\"wouah!!...j'ai chang\u00e9 mes enceintes pour le mod\u00e8le haut de gamme de\u2026","rel":"","context":"Dans &quot;Pro&quot;","img":{"alt_text":"","src":"https:\/\/i0.wp.com\/www.druide-audio.fr\/wp-content\/uploads\/2021\/05\/le-son-de-chez-patatorz.jpg?fit=500%2C300&ssl=1&resize=350%2C200","width":350,"height":200},"classes":[]},{"id":1257,"url":"https:\/\/www.druide-audio.fr\/index.php\/2023\/02\/06\/aere-medium-plein-et-riche-dynamique-seche-et-rapide-attaque-des-notes-sans-trainage-edgar-morineau\/","url_meta":{"origin":1,"position":2},"title":"A\u00e9r\u00e9, m\u00e9dium plein et riche, dynamique s\u00e8che et rapide, attaque des notes sans trainage &#8211; Edgar Morineau","date":"6 f\u00e9vrier 2023","format":false,"excerpt":"30\/03\/2022 \u00e0 18:20 - Edgar Morineau: Bonjour.J\u2019en ai termin\u00e9 avec le plateau vinyle.J\u2019ai pris beaucoup de temps car j\u2019ai test\u00e9 ce dernier dans des configurations diff\u00e9rentes : 5 disques r\u00e9pertori\u00e9s depuis des lustres,ayant fait leur preuve aussi bien artistiquement que techniquement - 3 platines\/3 bras\/3 cellules-\u00a0 \u00a0 \u00a0 \u00a0 \u00a0\u2026","rel":"","context":"Dans &quot;Pro&quot;","img":{"alt_text":"","src":"https:\/\/i0.wp.com\/www.druide-audio.fr\/wp-content\/uploads\/2023\/03\/Capture-decran-2023-03-06-a-13.01.01.png?fit=714%2C474&ssl=1&resize=350%2C200","width":350,"height":200},"classes":[]},{"id":1293,"url":"https:\/\/www.druide-audio.fr\/index.php\/2023\/03\/13\/renforcement-des-nuances-mais-aussi-des-matieres-sonores-philippe-deslande\/","url_meta":{"origin":1,"position":3},"title":"Renforcement\u00a0des\u00a0nuances mais aussi\u00a0des\u00a0mati\u00e8res sonores &#8211; Philippe Deslande","date":"13 mars 2023","format":false,"excerpt":"Salut Michel! C'est bon j'ai eu un peu de temps pour moi pour \u00e9couter mon installation et pour \u00e9crire ces quelques lignes de CR. Pour info, je suis actuellement en full Inerta sous le streamer: plaque Inerta + pied Inerta + plaque Inerta. Cette configuration me ravit ainsi. \"Voici le\u2026","rel":"","context":"Dans &quot;M\u00e9lomanes&quot;","img":{"alt_text":"","src":"https:\/\/i0.wp.com\/www.druide-audio.fr\/wp-content\/uploads\/2023\/01\/Capture-decran-2023-01-27-a-08.41.12.png?fit=1200%2C542&ssl=1&resize=350%2C200","width":350,"height":200},"classes":[]},{"id":436,"url":"https:\/\/www.druide-audio.fr\/index.php\/2021\/10\/13\/haut-et-fort\/","url_meta":{"origin":1,"position":4},"title":"Haut et fort ! &#8211; Albin Antunes","date":"13 octobre 2021","format":false,"excerpt":"Concernant les plaques INERTA SH\u00a0 de Michel, quelques impressions diverses ... Un peu perdu depuis plusieurs ann\u00e9es - \u00e0 la recherche du son perdu ... Malgr\u00e9 moultes essais, achats, impressions d'am\u00e9liorations ... A la fois adepte \"int\u00e9griste\" de Home-Cin\u00e9ma et de beau son st\u00e9r\u00e9o, je dois me rendre \u00e0 l'\u00e9vidence\u2026","rel":"","context":"Dans &quot;M\u00e9lomanes&quot;","img":{"alt_text":"","src":"https:\/\/i0.wp.com\/www.druide-audio.fr\/wp-content\/uploads\/2021\/10\/Albin1.jpg?fit=1200%2C900&ssl=1&resize=350%2C200","width":350,"height":200},"classes":[]},{"id":121,"url":"https:\/\/www.druide-audio.fr\/index.php\/2020\/09\/10\/bernard-kophos\/","url_meta":{"origin":1,"position":5},"title":"l\u2019\u00e9coute devient encore plus majestueuse, ouverte, profonde, fluide avec un bas m\u00e9dium plus pr\u00e9sent et intelligible. &#8211; Leedh E2 Glass &#8211; Bernard (Kophos)","date":"10 septembre 2020","format":false,"excerpt":"\u00a0\u00a0 10 septembre 2020 ...\/... je comprends que les cr\u00e9ations de Michel ne s'adressent pas qu'aux Leedhers. En effet, ses supports ne \"subliment\" pas que les E2 mais aussi les \u00e9lectroniques qui reposent sur ces supports adapt\u00e9s \u00e0 leur taille...Les commentaires que j'ai fait, il y a 6 mois maintenant,\u2026","rel":"","context":"Dans &quot;M\u00e9lomanes&quot;","img":{"alt_text":"","src":"https:\/\/i0.wp.com\/www.druide-audio.fr\/wp-content\/uploads\/2020\/09\/DSC_0017-rotated.jpg?fit=795%2C1200&ssl=1&resize=350%2C200","width":350,"height":200},"classes":[]}],"_links":{"self":[{"href":"https:\/\/www.druide-audio.fr\/index.php\/wp-json\/wp\/v2\/posts\/1","targetHints":{"allow":["GET"]}}],"collection":[{"href":"https:\/\/www.druide-audio.fr\/index.php\/wp-json\/wp\/v2\/posts"}],"about":[{"href":"https:\/\/www.druide-audio.fr\/index.php\/wp-json\/wp\/v2\/types\/post"}],"author":[{"embeddable":true,"href":"https:\/\/www.druide-audio.fr\/index.php\/wp-json\/wp\/v2\/users\/1"}],"replies":[{"embeddable":true,"href":"https:\/\/www.druide-audio.fr\/index.php\/wp-json\/wp\/v2\/comments?post=1"}],"version-history":[{"count":26,"href":"https:\/\/www.druide-audio.fr\/index.php\/wp-json\/wp\/v2\/posts\/1\/revisions"}],"predecessor-version":[{"id":1256,"href":"https:\/\/www.druide-audio.fr\/index.php\/wp-json\/wp\/v2\/posts\/1\/revisions\/1256"}],"wp:featuredmedia":[{"embeddable":true,"href":"https:\/\/www.druide-audio.fr\/index.php\/wp-json\/wp\/v2\/media\/113"}],"wp:attachment":[{"href":"https:\/\/www.druide-audio.fr\/index.php\/wp-json\/wp\/v2\/media?parent=1"}],"wp:term":[{"taxonomy":"category","embeddable":true,"href":"https:\/\/www.druide-audio.fr\/index.php\/wp-json\/wp\/v2\/categories?post=1"},{"taxonomy":"post_tag","embeddable":true,"href":"https:\/\/www.druide-audio.fr\/index.php\/wp-json\/wp\/v2\/tags?post=1"}],"curies":[{"name":"wp","href":"https:\/\/api.w.org\/{rel}","templated":true}]}}