{"id":121,"date":"2020-09-10T10:48:18","date_gmt":"2020-09-10T08:48:18","guid":{"rendered":"https:\/\/www.druide-audio.fr\/?p=121"},"modified":"2023-03-06T13:12:47","modified_gmt":"2023-03-06T12:12:47","slug":"bernard-kophos","status":"publish","type":"post","link":"https:\/\/www.druide-audio.fr\/index.php\/2020\/09\/10\/bernard-kophos\/","title":{"rendered":"l\u2019\u00e9coute devient encore plus majestueuse, ouverte, profonde, fluide avec un bas m\u00e9dium plus pr\u00e9sent et intelligible. &#8211; Leedh E2 Glass &#8211; Bernard (Kophos)"},"content":{"rendered":"<h4><em> \u00a0\u00a0 10 septembre 2020<\/em><\/h4>\n<p><em> &#8230;\/&#8230; je comprends que les cr\u00e9ations de Michel ne s&#8217;adressent pas qu&#8217;aux Leedhers. En effet, ses supports ne &#8220;subliment&#8221; pas que les E2 mais aussi les \u00e9lectroniques qui reposent sur ces supports adapt\u00e9s \u00e0 leur taille&#8230;Les commentaires que j&#8217;ai fait, il y a 6 mois maintenant, sont \u00e0 nuancer car ce temps m&#8217;a permis de constater que l&#8217;am\u00e9lioration ne souffre plus d&#8217;aucune r\u00e9serve, en particulier sur les musiques de &#8220;vari\u00e9t\u00e9s&#8221;. Je trouvais que cel\u00e0 ne &#8220;percutait&#8221; pas suffisamment pour Yann Tiersen ( concert public de 2002) mais au bout de quelques jours les timbres s&#8217;\u00e9qulibrent et aucun registre ne parait plus pr\u00e9sent. Tout est plus &#8220;grand&#8221;, majestueux . On ne ressent plus ( pour l&#8217;instant&#8230;) le besoin de changer quelque chose dans sa cha\u00eene sauf peut-\u00eatre multiplier les plaques&#8230; C&#8217;est ce que je fais depuis quelques mois grace \u00e0 la participation tr\u00e8s active de Michel Wolf! Essais convaincants sous mon lecteur CD \u00e9norme (Mim\u00e9tism 20.1) utilis\u00e9 comme drive et mon DAC ReVar 11 qui m&#8217;incitent \u00e0 abandonner (provisoirement) la lecture pc-M2tech de mes CD ripp\u00e9s devenue moins bien que la lecture CD. Michel m&#8217;a donc propos\u00e9 une plaque pour mettre sous mon pc. Affaire \u00e0 suivre&#8230;<\/em><\/p>\n<p><em>J&#8217;ai fait quelques essais avec la plaque convertisseur sous mon pr\u00e9ampli ReVar qui a le m\u00eame format que le dac mais l\u00e0 mes commentaires ne sont pas d\u00e9finitifs car j&#8217;ai trouv\u00e9 que le support &#8220;d\u00e9graissait&#8221; trop l&#8217;\u00e9coute surtout en vinyle .Ce que l&#8217;on gagne en pr\u00e9cision on le perd en &#8220;velout\u00e9&#8221;. Ce n&#8217;est plus du tube( 4 tubes ligne+ 4 tubes phono)&#8230; Pour moi, m\u00eame type de &#8220;frustration&#8221; qu&#8217;avec les filtres en entr\u00e9e d&#8217;ampli pour le lib\u00e9rer mais on finit par s&#8217;y faire m\u00eame s&#8217;il ne s&#8217;agit pas des m\u00eames fr\u00e9quences concern\u00e9es. &#8220;L&#8217;\u00e9motion&#8221; pour moi dans &#8220;ma&#8221; musique (i.e mon audition) c&#8217;est avant 2500Hz! D&#8217;o\u00f9u l&#8217;envie de reprendre ces essais sous le pp quand Michel m&#8217;aura confectionn\u00e9 une autre plaque.<\/em><em><br \/>\n<\/em><\/p>\n<p><em>Je renonce \u00e0 faire un essai plaque caisson pour 2 raisons: trop lourd pour d\u00e9poser sur plaque+pieds et pas assez de place entre E2 et caisson et&#8230;leurs pieds. Je l&#8217;ai dit \u00e0 Michel que tout \u00e9tait parfait: esth\u00e9tique parfaite ( tout est noir et plus de bourrelet li\u00e8ge) mais placement de ces pieds avec bille r\u00e9ellement \u00e9prouvant,d&#8217;o\u00f9 mon refus de faire des essais avec ou sans pieds ou autre intercalaire;les pieds et billes sont en place surtout n&#8217;y touchont plus!<\/em><\/p>\n<p><em>Les Inerta E2 &#8220;personnalis\u00e9s&#8221; sont en fonctionnement depuis fin juin&#8230;<\/em><\/p>\n<h4>\u00a0 4 mars 2020<\/h4>\n<p><span style=\"color: #000000;\"><span style=\"font-size: medium;\"><i>Quelques commentaires sur les supports \u00ab\u00a0Michel Wolf\u00a0\u00bb pour Leedh E2 Glass<\/i><\/span><\/span><\/p>\n<p><strong><span style=\"color: #000000;\"><span style=\"font-size: medium;\"><i>-Pr\u00e9sentation\u00a0:<\/i><\/span><\/span><\/strong><\/p>\n<p><span style=\"color: #000000;\"> <i>L\u2019emballage des supports effectu\u00e9 par Michel \u00e9tait vraiment fait pour affronter les pires conditions de transport, ce qui n\u2019\u00e9tait pas le cas avec mon v\u00e9hicule personnel. Le probl\u00e8me, pour moi, sera de tenter de r\u00e9utiliser aussi bien cet emballage\u2026<\/i><\/span><\/p>\n<p><span style=\"color: #000000;\"><i>Nous (car ma femme fut t\u00e9moin \u00e9galement) avons \u00e9t\u00e9 tr\u00e8s agr\u00e9ablement surpris par la \u00ab\u00a0nouvelle\u00a0\u00bb pr\u00e9sentation de ces supports qui n\u2019est plus disgracieuse comme les prototypes observ\u00e9s en mai 2019 \u00e0 la Baie des sons (St Brieuc). La r\u00e9ticence que j\u2019avais sur l\u2019esth\u00e9tique est quasiment lev\u00e9e ( voir photos)\u00a0. Pour faire totalement \u00ab\u00a0Leedh\u00a0\u00bb, avec l\u2019accord de Gilles Milot, je sugg\u00e9rerais que la tranche en li\u00e8ge soit noircie ou remplac\u00e9e par un autre mat\u00e9riau noir\u2026<\/i><\/span><\/p>\n<p><em><strong><span style=\"color: #000000;\">&#8211;<span style=\"font-size: medium;\">Installation\u00a0:<\/span><\/span><\/strong><\/em><\/p>\n<p><span style=\"color: #000000;\"><i>Malgr\u00e9 mes appels au secours chez Michel, je n\u2019ai pas pu b\u00e9n\u00e9ficier de ses conseils t\u00e9l\u00e9phoniques. En effet, quelle \u00e9preuve pour placer correctement les supports sur les pieds avec billes intercalaires. J\u2019aurais aim\u00e9 qu\u2019on me donne une recette pour \u00e9viter que les billes ne s\u2019\u00e9chappent de leur logement ! Comme j\u2019ai renonc\u00e9 \u00e0 utiliser colle, patafix ou scotch pour ne pas d\u00e9grader l\u2019\u00e9coute cela m\u2019a pris \u00bd h pour un support et 20 min pour l\u2019autre et je ne suis pas s\u00fbr que les billes soient toutes parfaitement rest\u00e9es en place\u2026Enfin, m\u00eame si les E2 n\u2019ont pas le poids des grandes Utopia, il faut \u00eatre habile et calme pour d\u00e9poser d\u00e9licatement les E2 parfaitement sur leur support. D\u2019ailleurs, il serait peut- \u00eatre bon, dans leur version d\u00e9finitive, que le support soit 3 \u00e0 4 mm plus grand que le pi\u00e8tement des E2 de mani\u00e8re que la base des E2 ne repose par partiellement sur le li\u00e8ge.<\/i><\/span><\/p>\n<p>&nbsp;<\/p>\n<p>&nbsp;<\/p>\n<p><strong><span style=\"color: #000000;\"><span style=\"font-size: medium;\"><i>-Ecoute\u00a0:<\/i><\/span><\/span><\/strong><\/p>\n<p><i style=\"color: #000000;\">Bien que mes moments d&#8217;\u00e9coute se soient limit\u00e9s \u00e0 3-4h pour l\u2019instant et avec mes \u00ab pr\u00e9cautions \u00bb en raison de mon oreille trop souvent fluctuante, il est patent que ces supports magnifient l\u2019\u00e9coute ! Si Gilles Milot donnait son accord, on pourrait qualifier ces Leedh de \u2026E3 !<\/i><\/p>\n<p><span style=\"color: #000000;\"><i>Plus pr\u00e9cis\u00e9ment, l\u2019\u00e9coute devient encore plus majestueuse, ouverte, profonde, fluide avec un bas m\u00e9dium plus pr\u00e9sent et intelligible. On per\u00e7oit davantage l\u2019extinction progressive des notes . L\u2019\u00e9coute des vinyles est un vrai r\u00e9gal et je ne pensais pas avoir une telle source de qualit\u00e9\u00a0! Alors que les E2 Glass sont un mod\u00e8le de douceur et de pr\u00e9sence , les supports apportent davantage de dynamique et de volume! Ceci n\u2019est pas pour me d\u00e9plaire alors que je ressens depuis plusieurs mois une presbyacousie grandissante sur <\/i><i><b>mon<\/b><\/i><i> oreille d\u00e9ficiente\u00a0!<\/i><\/span><\/p>\n<p><span style=\"color: #000000;\"> <i>Un petit point de r\u00e9serve toutefois avec certaines musiques que j\u2019\u00e9coute tr\u00e8s minoritairement (Yann Tiersen, concert public 2001) et que j\u2019avais observ\u00e9 avec mes propres essais de support en comblanchien, l\u2019\u00e9coute est un peu trop \u00ab\u00a0assagie\u00a0\u00bb et \u00e7a ne \u00ab\u00a0claque\u00a0\u00bb pas suffisamment car le haut m\u00e9dium est att\u00e9nu\u00e9. En coupant le caisson \u00e7a s\u2019arrange car celui-ci adoucit l\u2019\u00e9coute en \u00e9largissant la sc\u00e8ne sonore\u2026 J\u2019aurais souhait\u00e9 faire des essais avec d\u2019autres pieds pour gagner du haut m\u00e9dium\u2026sans duret\u00e9s (pointes par ex\u2026) mais ce serait trop laborieux pour jouer \u00e0 nouveau avec les billes\u00a0!<\/i><\/span><\/p>\n<p><span style=\"font-family: Times New Roman, serif;\"><span style=\"font-size: medium;\"><i><b>En conclusion, je recommande vivement le produit et f\u00e9licite Michel Wolf pour la finition remarquable et &#8220;professionnelle&#8221; de son produit.<\/b><\/i><\/span><\/span><span style=\"font-family: Times New Roman, serif; font-size: medium;\"><b><i><br \/>\n<\/i><\/b><\/span><span style=\"font-family: Times New Roman, serif;\"><span style=\"font-size: medium;\"><i><b><br \/>\nBravo, joli passe- temps\u00a0!<\/b><\/i><\/span><\/span><\/p>\n<p>St Martin de Boscherville le 4 mars 2020<\/p>\n<p><img loading=\"lazy\" decoding=\"async\" class=\"size-medium wp-image-124 alignleft\" src=\"https:\/\/i0.wp.com\/www.druide-audio.fr\/wp-content\/uploads\/2020\/09\/DSC_0018.jpg?resize=199%2C300&#038;ssl=1\" alt=\"\" width=\"199\" height=\"300\" srcset=\"https:\/\/i0.wp.com\/www.druide-audio.fr\/wp-content\/uploads\/2020\/09\/DSC_0018-rotated.jpg?resize=199%2C300&amp;ssl=1 199w, https:\/\/i0.wp.com\/www.druide-audio.fr\/wp-content\/uploads\/2020\/09\/DSC_0018-rotated.jpg?resize=678%2C1024&amp;ssl=1 678w, https:\/\/i0.wp.com\/www.druide-audio.fr\/wp-content\/uploads\/2020\/09\/DSC_0018-rotated.jpg?resize=768%2C1160&amp;ssl=1 768w, https:\/\/i0.wp.com\/www.druide-audio.fr\/wp-content\/uploads\/2020\/09\/DSC_0018-rotated.jpg?resize=1017%2C1536&amp;ssl=1 1017w, https:\/\/i0.wp.com\/www.druide-audio.fr\/wp-content\/uploads\/2020\/09\/DSC_0018-rotated.jpg?resize=1356%2C2048&amp;ssl=1 1356w, https:\/\/i0.wp.com\/www.druide-audio.fr\/wp-content\/uploads\/2020\/09\/DSC_0018-rotated.jpg?w=1632&amp;ssl=1 1632w\" sizes=\"auto, (max-width: 199px) 100vw, 199px\" data-recalc-dims=\"1\" \/><img loading=\"lazy\" decoding=\"async\" class=\"size-medium wp-image-123 alignleft\" src=\"https:\/\/i0.wp.com\/www.druide-audio.fr\/wp-content\/uploads\/2020\/09\/DSC_0017.jpg?resize=199%2C300&#038;ssl=1\" alt=\"\" width=\"199\" height=\"300\" srcset=\"https:\/\/i0.wp.com\/www.druide-audio.fr\/wp-content\/uploads\/2020\/09\/DSC_0017-rotated.jpg?resize=199%2C300&amp;ssl=1 199w, https:\/\/i0.wp.com\/www.druide-audio.fr\/wp-content\/uploads\/2020\/09\/DSC_0017-rotated.jpg?resize=678%2C1024&amp;ssl=1 678w, https:\/\/i0.wp.com\/www.druide-audio.fr\/wp-content\/uploads\/2020\/09\/DSC_0017-rotated.jpg?resize=768%2C1160&amp;ssl=1 768w, https:\/\/i0.wp.com\/www.druide-audio.fr\/wp-content\/uploads\/2020\/09\/DSC_0017-rotated.jpg?resize=1017%2C1536&amp;ssl=1 1017w, https:\/\/i0.wp.com\/www.druide-audio.fr\/wp-content\/uploads\/2020\/09\/DSC_0017-rotated.jpg?resize=1356%2C2048&amp;ssl=1 1356w, https:\/\/i0.wp.com\/www.druide-audio.fr\/wp-content\/uploads\/2020\/09\/DSC_0017-rotated.jpg?w=1632&amp;ssl=1 1632w\" sizes=\"auto, (max-width: 199px) 100vw, 199px\" data-recalc-dims=\"1\" \/><\/p>\n","protected":false},"excerpt":{"rendered":"<p>\u00a0\u00a0 10 septembre 2020 &#8230;\/&#8230; je comprends que les cr\u00e9ations de Michel ne s&#8217;adressent pas qu&#8217;aux Leedhers. En effet, ses supports ne &#8220;subliment&#8221; pas que les E2 mais aussi les \u00e9lectroniques qui reposent sur ces supports adapt\u00e9s \u00e0 leur taille&#8230;Les commentaires que j&#8217;ai fait, il y a 6 mois maintenant, sont \u00e0 nuancer car ce [&hellip;]<\/p>\n","protected":false},"author":1,"featured_media":123,"comment_status":"open","ping_status":"open","sticky":false,"template":"","format":"standard","meta":{"footnotes":""},"categories":[7],"tags":[],"class_list":{"0":"post-121","1":"post","2":"type-post","3":"status-publish","4":"format-standard","5":"has-post-thumbnail","7":"category-melomanes","8":"czr-hentry"},"jetpack_featured_media_url":"https:\/\/i0.wp.com\/www.druide-audio.fr\/wp-content\/uploads\/2020\/09\/DSC_0017-rotated.jpg?fit=1632%2C2464&ssl=1","jetpack-related-posts":[{"id":86,"url":"https:\/\/www.druide-audio.fr\/index.php\/2020\/09\/08\/aaa\/","url_meta":{"origin":121,"position":0},"title":"L\u2019ambiance des salles de concert est encore plus vivante ! Patcam","date":"8 septembre 2020","format":false,"excerpt":"Les plaques Inerta de MichelA l\u2019origine le but \u00e9tait d\u2019am\u00e9liorer mes caissons Leedh, \u00e9tant convaincu que de seulement les sur\u00e9lever permettrait d\u2019am\u00e9liorer les performances, j\u2019ai contact\u00e9 notre ami Jean-Luc.(JustLiSten)Et c\u2019est l\u00e0 que l\u2019histoire a commenc\u00e9 quand il m\u2019a parl\u00e9 des recherches de Michel sur ses plaques.Michel est venu directement \u00e0\u2026","rel":"","context":"Dans &quot;M\u00e9lomanes&quot;","img":{"alt_text":"","src":"https:\/\/i0.wp.com\/www.druide-audio.fr\/wp-content\/uploads\/2020\/09\/Patcam.jpg?fit=675%2C1200&ssl=1&resize=350%2C200","width":350,"height":200},"classes":[]},{"id":376,"url":"https:\/\/www.druide-audio.fr\/index.php\/2021\/04\/27\/et-pourtant-elle-tourne\/","url_meta":{"origin":121,"position":1},"title":"La vitesse est juste pile et tr\u00e8s stable &#8211; Just Listen","date":"27 avril 2021","format":false,"excerpt":"Just Listen, le 27\/04\/2021 Je poss\u00e8de un peu tout ce qu'a commis notre ami Michel depuis le d\u00e9but : divers supports pour les \u00e9lectroniques (amplis, DAC, Mac mini, platine CD, vinyle, couvres AOP Burson, ...), enceintes Leedh E2, sans compter un ch\u00e2ssis d'amplificateur DIY con\u00e7u sur mesure. Mais lorsque le\u2026","rel":"","context":"Dans &quot;M\u00e9lomanes&quot;","img":{"alt_text":"","src":"https:\/\/i0.wp.com\/www.druide-audio.fr\/wp-content\/uploads\/2020\/11\/Platine1-scaled.jpg?fit=900%2C1200&ssl=1&resize=350%2C200","width":350,"height":200},"classes":[]},{"id":142,"url":"https:\/\/www.druide-audio.fr\/index.php\/2020\/09\/09\/gilles-lanshlo\/","url_meta":{"origin":121,"position":2},"title":"L&#8217;instantan\u00e9it\u00e9, l&#8217;extinction des notes et les silences sont consid\u00e9rablement am\u00e9lior\u00e9s. &#8211; Gilles (Lanshlo) 2 avis","date":"9 septembre 2020","format":false,"excerpt":"Avis 1 Bonsoir Michel, J\u2019avance dans l\u2019\u00e9coute. Encore une fois je n\u2019ai pas de talent naturel dans ce domaine et mes impressions sont \u00e0 manier avec des pincettes. D\u2019abord je me pose la question de savoir si les supports en place sous les enceintes ont un effet sur l\u2019accord des\u2026","rel":"","context":"Dans &quot;M\u00e9lomanes&quot;","img":{"alt_text":"","src":"https:\/\/i0.wp.com\/www.druide-audio.fr\/wp-content\/uploads\/2023\/01\/Capture-decran-2023-01-27-a-08.41.12.png?fit=1200%2C542&ssl=1&resize=350%2C200","width":350,"height":200},"classes":[]},{"id":256,"url":"https:\/\/www.druide-audio.fr\/index.php\/2020\/11\/01\/jacques-s\/","url_meta":{"origin":121,"position":3},"title":"Je serai quand m\u00eame curieux qu\u2019un jour l\u2019on puisse savoir ce qui se passe l\u00e0 dedans quel est ce ph\u00e9nom\u00e8ne qui apporte tant &#8211; J Souben","date":"1 novembre 2020","format":false,"excerpt":"Le 1\/11\/2020 Derni\u00e8res nouvelles du front : notre druide bien aim\u00e9 est pass\u00e9 aux pr\u00e9servatifs !!!!! oui je dis bien aux pr\u00e9servatifs \u2026. mais pas \u00e0 ceux des zigounettes non mais aux pr\u00e9servatifs INERTA \u00e0 ampli op !!!! et l\u00e0 une fois de plus ton syst\u00e8me grimpe ( pas aux\u2026","rel":"","context":"Dans &quot;M\u00e9lomanes&quot;","img":{"alt_text":"","src":"https:\/\/i0.wp.com\/www.druide-audio.fr\/wp-content\/uploads\/2020\/12\/IMG_4313.jpg?fit=640%2C480&ssl=1&resize=350%2C200","width":350,"height":200},"classes":[]},{"id":425,"url":"https:\/\/www.druide-audio.fr\/index.php\/2021\/09\/15\/tire-aux-flancs\/","url_meta":{"origin":121,"position":4},"title":"Les am\u00e9liorations sont tellement \u00e9normes que de ne pas les essayer serait une erreur \u2026 &#8211; J Souben","date":"15 septembre 2021","format":false,"excerpt":"Amis LEEDHeurs . Ayant acquis une paire de E2 Glass et \u00e9tant un testeur de \u201d Druide Audio Composite \u201d \u2026.( et c\u2019est un sacr\u00e9 boulot de suivre notre ami Michel Wolf !!! avec une certaine prise de risque !! \u2026 ) . Je vous fais part des derni\u00e8res trouvailles\u2026","rel":"","context":"Dans &quot;M\u00e9lomanes&quot;","img":{"alt_text":"","src":"https:\/\/i0.wp.com\/www.druide-audio.fr\/wp-content\/uploads\/2021\/09\/IMG_4846.jpg?fit=640%2C480&ssl=1&resize=350%2C200","width":350,"height":200},"classes":[]},{"id":1,"url":"https:\/\/www.druide-audio.fr\/index.php\/2020\/09\/08\/bonjour-tout-le-monde\/","url_meta":{"origin":121,"position":5},"title":"Le son n&#8217;est plus comme avant, il a une plus grande classe, comme si il avait pris de l&#8217;assurance, de l&#8217;ampleur, &#8211; J-H Breton","date":"8 septembre 2020","format":false,"excerpt":"le\u00a0: 05 \/02 \/2020 Essais des plaques INERTA avec leurs Pieds Je poss\u00e8de chez moi un syst\u00e8me haute fid\u00e9lit\u00e9 que l'on peut consid\u00e9rer comme Vintage, que je connais bien, compos\u00e9 comme suit\u00a0: 1 lecteur CD Onkyo Int\u00e9gra DX-320, 1 amplificateur Kenwood KA-2500 reconditionn\u00e9 par Mr PONS de SON et PASSION,\u2026","rel":"","context":"Dans &quot;M\u00e9lomanes&quot;","img":{"alt_text":"","src":"https:\/\/i0.wp.com\/www.druide-audio.fr\/wp-content\/uploads\/2020\/09\/P1000196-scaled.jpg?fit=1200%2C900&ssl=1&resize=350%2C200","width":350,"height":200},"classes":[]}],"_links":{"self":[{"href":"https:\/\/www.druide-audio.fr\/index.php\/wp-json\/wp\/v2\/posts\/121","targetHints":{"allow":["GET"]}}],"collection":[{"href":"https:\/\/www.druide-audio.fr\/index.php\/wp-json\/wp\/v2\/posts"}],"about":[{"href":"https:\/\/www.druide-audio.fr\/index.php\/wp-json\/wp\/v2\/types\/post"}],"author":[{"embeddable":true,"href":"https:\/\/www.druide-audio.fr\/index.php\/wp-json\/wp\/v2\/users\/1"}],"replies":[{"embeddable":true,"href":"https:\/\/www.druide-audio.fr\/index.php\/wp-json\/wp\/v2\/comments?post=121"}],"version-history":[{"count":17,"href":"https:\/\/www.druide-audio.fr\/index.php\/wp-json\/wp\/v2\/posts\/121\/revisions"}],"predecessor-version":[{"id":899,"href":"https:\/\/www.druide-audio.fr\/index.php\/wp-json\/wp\/v2\/posts\/121\/revisions\/899"}],"wp:featuredmedia":[{"embeddable":true,"href":"https:\/\/www.druide-audio.fr\/index.php\/wp-json\/wp\/v2\/media\/123"}],"wp:attachment":[{"href":"https:\/\/www.druide-audio.fr\/index.php\/wp-json\/wp\/v2\/media?parent=121"}],"wp:term":[{"taxonomy":"category","embeddable":true,"href":"https:\/\/www.druide-audio.fr\/index.php\/wp-json\/wp\/v2\/categories?post=121"},{"taxonomy":"post_tag","embeddable":true,"href":"https:\/\/www.druide-audio.fr\/index.php\/wp-json\/wp\/v2\/tags?post=121"}],"curies":[{"name":"wp","href":"https:\/\/api.w.org\/{rel}","templated":true}]}}