{"id":1293,"date":"2023-03-13T15:14:35","date_gmt":"2023-03-13T14:14:35","guid":{"rendered":"https:\/\/www.druide-audio.fr\/?p=1293"},"modified":"2023-03-13T15:26:55","modified_gmt":"2023-03-13T14:26:55","slug":"renforcement-des-nuances-mais-aussi-des-matieres-sonores-philippe-deslande","status":"publish","type":"post","link":"https:\/\/www.druide-audio.fr\/index.php\/2023\/03\/13\/renforcement-des-nuances-mais-aussi-des-matieres-sonores-philippe-deslande\/","title":{"rendered":"Renforcement\u00a0des\u00a0nuances mais aussi\u00a0des\u00a0mati\u00e8res sonores &#8211; Philippe Deslande"},"content":{"rendered":"<div>Salut Michel!<\/div>\n<div><\/div>\n<div>C&#8217;est bon j&#8217;ai eu un peu de temps pour moi pour \u00e9couter mon installation et pour \u00e9crire ces quelques lignes de CR.<\/div>\n<div>Pour info, je suis actuellement en full Inerta sous le streamer: plaque Inerta + pied Inerta + plaque Inerta. Cette configuration me ravit ainsi.<\/div>\n<div><\/div>\n<div>&#8220;Voici le compte rendu suite aux \u00e9coutes faites sur mon syst\u00e8me \u00e9quip\u00e9 d&#8217;un ensemble Inerta (pieds + plaque) plac\u00e9 sous mon streamer MS120 d&#8217;Atoll. Il vient compl\u00e9ter un pr\u00e9c\u00e9dent compte rendu fait \u00e0 la suite du placement d&#8217;un ensemble Inerta sous mes enceintes PEL Toscane. Tout d&#8217;abord, les \u00e9coutes,quelques soient les styles, ont largement gagn\u00e9 en coh\u00e9rence pour devenir davantage naturel et fluide. Certaines duret\u00e9s ressenties pr\u00e9c\u00e9demment sur\u00a0<span class=\"il\">des<\/span>\u00a0voix et\u00a0<span class=\"il\">des<\/span>\u00a0cuivres se sont envol\u00e9es.\u00a0 L&#8217;\u00e9volution la plus significative fut le renforcement\u00a0<span class=\"il\">des<\/span>\u00a0nuances mais aussi\u00a0<span class=\"il\">des<\/span>\u00a0mati\u00e8res sonores, ceci sur l&#8217;ensemble\u00a0<span class=\"il\">des<\/span>\u00a0voix et\u00a0<span class=\"il\">des<\/span>\u00a0instruments quelque soit la partie du spectre expos\u00e9e. La pr\u00e9sence\u00a0<span class=\"il\">des<\/span>\u00a0interpr\u00e8tes devient troublante, les prolongements\u00a0<span class=\"il\">des<\/span>\u00a0notes et\u00a0<span class=\"il\">des<\/span>\u00a0vibratos associ\u00e9s am\u00e8ne une ambiance live captivante. Dans le m\u00eame sens, les silences et les extinctions\u00a0<span class=\"il\">des<\/span>\u00a0notes qui d\u00e9j\u00e0 \u00e9taient d&#8217;un haut niveau avec les pieds Inerta sous mes enceintes vont encore plus loin mettant en \u00e9vidence clairement le lieux d&#8217;enregistrement et les r\u00e9verb\u00e9rations acoustiques inh\u00e9rentes.<\/div>\n<div>Comme j&#8217;avais pu l&#8217;observer et l&#8217;entendre pr\u00e9c\u00e9demment, l&#8217;ensemble Inerta sous le streamer Atoll MS120 permet une optimisation de haut niveau de son mat\u00e9riel. Pour \u00eatre plus pr\u00e9cis, je parlerai plut\u00f4t d&#8217;un changement virtuel de mat\u00e9riel vers\u00a0<span class=\"il\">des<\/span>\u00a0mod\u00e8les plus haut de gamme qu&#8217;une simple optimisation. Il est \u00e9tonnant de constater \u00e0 quel point il est possible d&#8217;amener tr\u00e8s loin du mat\u00e9riel de gamme initialement qualifi\u00e9e de moyenne.&#8221;<\/div>\n<div><\/div>\n<div>J&#8217;ai pu aussi constater une am\u00e9lioration lorsque j&#8217;ai r\u00e9-\u00e9couter mon syst\u00e8me apr\u00e8s une soir\u00e9e &#8220;boum&#8221;, ce fut assez significatif et encore bluffant!! Bravo \u00e0 toi pour tes d\u00e9couvertes.<\/div>\n<div><\/div>\n<div>A plus tard,<\/div>\n<div><span class=\"il\">Philippe<\/span><\/div>\n","protected":false},"excerpt":{"rendered":"<p>Salut Michel! C&#8217;est bon j&#8217;ai eu un peu de temps pour moi pour \u00e9couter mon installation et pour \u00e9crire ces quelques lignes de CR. Pour info, je suis actuellement en full Inerta sous le streamer: plaque Inerta + pied Inerta + plaque Inerta. Cette configuration me ravit ainsi. &#8220;Voici le compte rendu suite aux \u00e9coutes [&hellip;]<\/p>\n","protected":false},"author":1,"featured_media":674,"comment_status":"open","ping_status":"open","sticky":false,"template":"","format":"standard","meta":{"footnotes":""},"categories":[7],"tags":[],"class_list":{"0":"post-1293","1":"post","2":"type-post","3":"status-publish","4":"format-standard","5":"has-post-thumbnail","7":"category-melomanes","8":"czr-hentry"},"jetpack_featured_media_url":"https:\/\/i0.wp.com\/www.druide-audio.fr\/wp-content\/uploads\/2023\/01\/Capture-decran-2023-01-27-a-08.41.12.png?fit=2547%2C1151&ssl=1","jetpack-related-posts":[{"id":407,"url":"https:\/\/www.druide-audio.fr\/index.php\/2021\/05\/18\/philippe-pel-toscane\/","url_meta":{"origin":1293,"position":0},"title":"&#8220;Boom&#8221; ! Le son de chez Patatorz","date":"18 mai 2021","format":false,"excerpt":"Philippe, 29\/04\/2021 Ayant des pieds Inerta depuis quelques jours sous mes enceintes \u00e0 la place des plots Bfly, je veux vous faire partager mes impressions d'\u00e9coute et les am\u00e9liorations que cela \u00e0 apporter \u00e0 mon syst\u00e8me ...\/.. Mes premiers mots....\"wouah!!...j'ai chang\u00e9 mes enceintes pour le mod\u00e8le haut de gamme de\u2026","rel":"","context":"Dans &quot;Pro&quot;","img":{"alt_text":"","src":"https:\/\/i0.wp.com\/www.druide-audio.fr\/wp-content\/uploads\/2021\/05\/le-son-de-chez-patatorz.jpg?fit=500%2C300&ssl=1&resize=350%2C200","width":350,"height":200},"classes":[]},{"id":444,"url":"https:\/\/www.druide-audio.fr\/index.php\/2022\/02\/15\/inerta-sh-nouveau-tour-de-force\/","url_meta":{"origin":1293,"position":1},"title":"Inerta SH, nouveau tour de force","date":"15 f\u00e9vrier 2022","format":false,"excerpt":"Hello, Je reviens vers le forum pour mettre \u00e0 jour les tests et les \u00e9volutions que j'ai effectu\u00e9 avec les produits inerta de Michel Wolf. J'ai, en plus des diff\u00e9rents \u00e9quipements d\u00e9crits dans les messages pr\u00e9c\u00e9dents, re\u00e7u et test\u00e9 la nouvelle version des plaques Inerta \u00e0 savoir les Inerta SH\u2026","rel":"","context":"Dans &quot;M\u00e9lomanes&quot;","img":{"alt_text":"","src":"https:\/\/i0.wp.com\/www.druide-audio.fr\/wp-content\/uploads\/2023\/01\/0K0A0924-scaled.jpg?fit=1200%2C800&ssl=1&resize=350%2C200","width":350,"height":200},"classes":[]},{"id":1,"url":"https:\/\/www.druide-audio.fr\/index.php\/2020\/09\/08\/bonjour-tout-le-monde\/","url_meta":{"origin":1293,"position":2},"title":"Le son n&#8217;est plus comme avant, il a une plus grande classe, comme si il avait pris de l&#8217;assurance, de l&#8217;ampleur, &#8211; J-H Breton","date":"8 septembre 2020","format":false,"excerpt":"le\u00a0: 05 \/02 \/2020 Essais des plaques INERTA avec leurs Pieds Je poss\u00e8de chez moi un syst\u00e8me haute fid\u00e9lit\u00e9 que l'on peut consid\u00e9rer comme Vintage, que je connais bien, compos\u00e9 comme suit\u00a0: 1 lecteur CD Onkyo Int\u00e9gra DX-320, 1 amplificateur Kenwood KA-2500 reconditionn\u00e9 par Mr PONS de SON et PASSION,\u2026","rel":"","context":"Dans &quot;M\u00e9lomanes&quot;","img":{"alt_text":"","src":"https:\/\/i0.wp.com\/www.druide-audio.fr\/wp-content\/uploads\/2020\/09\/P1000196-scaled.jpg?fit=1200%2C900&ssl=1&resize=350%2C200","width":350,"height":200},"classes":[]},{"id":86,"url":"https:\/\/www.druide-audio.fr\/index.php\/2020\/09\/08\/aaa\/","url_meta":{"origin":1293,"position":3},"title":"L\u2019ambiance des salles de concert est encore plus vivante ! Patcam","date":"8 septembre 2020","format":false,"excerpt":"Les plaques Inerta de MichelA l\u2019origine le but \u00e9tait d\u2019am\u00e9liorer mes caissons Leedh, \u00e9tant convaincu que de seulement les sur\u00e9lever permettrait d\u2019am\u00e9liorer les performances, j\u2019ai contact\u00e9 notre ami Jean-Luc.(JustLiSten)Et c\u2019est l\u00e0 que l\u2019histoire a commenc\u00e9 quand il m\u2019a parl\u00e9 des recherches de Michel sur ses plaques.Michel est venu directement \u00e0\u2026","rel":"","context":"Dans &quot;M\u00e9lomanes&quot;","img":{"alt_text":"","src":"https:\/\/i0.wp.com\/www.druide-audio.fr\/wp-content\/uploads\/2020\/09\/Patcam.jpg?fit=675%2C1200&ssl=1&resize=350%2C200","width":350,"height":200},"classes":[]},{"id":425,"url":"https:\/\/www.druide-audio.fr\/index.php\/2021\/09\/15\/tire-aux-flancs\/","url_meta":{"origin":1293,"position":4},"title":"Les am\u00e9liorations sont tellement \u00e9normes que de ne pas les essayer serait une erreur \u2026 &#8211; J Souben","date":"15 septembre 2021","format":false,"excerpt":"Amis LEEDHeurs . Ayant acquis une paire de E2 Glass et \u00e9tant un testeur de \u201d Druide Audio Composite \u201d \u2026.( et c\u2019est un sacr\u00e9 boulot de suivre notre ami Michel Wolf !!! avec une certaine prise de risque !! \u2026 ) . Je vous fais part des derni\u00e8res trouvailles\u2026","rel":"","context":"Dans &quot;M\u00e9lomanes&quot;","img":{"alt_text":"","src":"https:\/\/i0.wp.com\/www.druide-audio.fr\/wp-content\/uploads\/2021\/09\/IMG_4846.jpg?fit=640%2C480&ssl=1&resize=350%2C200","width":350,"height":200},"classes":[]},{"id":256,"url":"https:\/\/www.druide-audio.fr\/index.php\/2020\/11\/01\/jacques-s\/","url_meta":{"origin":1293,"position":5},"title":"Je serai quand m\u00eame curieux qu\u2019un jour l\u2019on puisse savoir ce qui se passe l\u00e0 dedans quel est ce ph\u00e9nom\u00e8ne qui apporte tant &#8211; J Souben","date":"1 novembre 2020","format":false,"excerpt":"Le 1\/11\/2020 Derni\u00e8res nouvelles du front : notre druide bien aim\u00e9 est pass\u00e9 aux pr\u00e9servatifs !!!!! oui je dis bien aux pr\u00e9servatifs \u2026. mais pas \u00e0 ceux des zigounettes non mais aux pr\u00e9servatifs INERTA \u00e0 ampli op !!!! et l\u00e0 une fois de plus ton syst\u00e8me grimpe ( pas aux\u2026","rel":"","context":"Dans &quot;M\u00e9lomanes&quot;","img":{"alt_text":"","src":"https:\/\/i0.wp.com\/www.druide-audio.fr\/wp-content\/uploads\/2020\/12\/IMG_4313.jpg?fit=640%2C480&ssl=1&resize=350%2C200","width":350,"height":200},"classes":[]}],"_links":{"self":[{"href":"https:\/\/www.druide-audio.fr\/index.php\/wp-json\/wp\/v2\/posts\/1293","targetHints":{"allow":["GET"]}}],"collection":[{"href":"https:\/\/www.druide-audio.fr\/index.php\/wp-json\/wp\/v2\/posts"}],"about":[{"href":"https:\/\/www.druide-audio.fr\/index.php\/wp-json\/wp\/v2\/types\/post"}],"author":[{"embeddable":true,"href":"https:\/\/www.druide-audio.fr\/index.php\/wp-json\/wp\/v2\/users\/1"}],"replies":[{"embeddable":true,"href":"https:\/\/www.druide-audio.fr\/index.php\/wp-json\/wp\/v2\/comments?post=1293"}],"version-history":[{"count":1,"href":"https:\/\/www.druide-audio.fr\/index.php\/wp-json\/wp\/v2\/posts\/1293\/revisions"}],"predecessor-version":[{"id":1294,"href":"https:\/\/www.druide-audio.fr\/index.php\/wp-json\/wp\/v2\/posts\/1293\/revisions\/1294"}],"wp:featuredmedia":[{"embeddable":true,"href":"https:\/\/www.druide-audio.fr\/index.php\/wp-json\/wp\/v2\/media\/674"}],"wp:attachment":[{"href":"https:\/\/www.druide-audio.fr\/index.php\/wp-json\/wp\/v2\/media?parent=1293"}],"wp:term":[{"taxonomy":"category","embeddable":true,"href":"https:\/\/www.druide-audio.fr\/index.php\/wp-json\/wp\/v2\/categories?post=1293"},{"taxonomy":"post_tag","embeddable":true,"href":"https:\/\/www.druide-audio.fr\/index.php\/wp-json\/wp\/v2\/tags?post=1293"}],"curies":[{"name":"wp","href":"https:\/\/api.w.org\/{rel}","templated":true}]}}