{"id":142,"date":"2020-09-09T16:02:35","date_gmt":"2020-09-09T14:02:35","guid":{"rendered":"https:\/\/www.druide-audio.fr\/?p=142"},"modified":"2023-03-06T12:38:09","modified_gmt":"2023-03-06T11:38:09","slug":"gilles-lanshlo","status":"publish","type":"post","link":"https:\/\/www.druide-audio.fr\/index.php\/2020\/09\/09\/gilles-lanshlo\/","title":{"rendered":"L&#8217;instantan\u00e9it\u00e9, l&#8217;extinction des notes et les silences sont consid\u00e9rablement am\u00e9lior\u00e9s. &#8211; Gilles (Lanshlo) 2 avis"},"content":{"rendered":"<pre><strong>Avis 1<\/strong><\/pre>\n<pre><em>Bonsoir Michel,<\/em>\r\n\r\n<em>J\u2019avance dans l\u2019\u00e9coute. Encore une fois je n\u2019ai pas de talent naturel dans ce domaine et mes impressions sont \u00e0 manier avec des pincettes.<\/em>\r\n<em>D\u2019abord je me pose la question de savoir si les supports en place sous les enceintes ont un effet sur l\u2019accord des phases entre les enceintes et le caisson : j\u2019avais eu l\u2019aide d\u2019une oreille hors pair pour y arriver. Si un d\u00e9phasage a \u00e9t\u00e9 cr\u00e9\u00e9 par la mise en place des supports, il faudra relativiser davantage ce qui suit...<\/em>\r\n\r\n<em>J\u2019ai retir\u00e9 la plaque sous l\u2019Aurender et laiss\u00e9 les supports complets : c\u2019est tr\u00e8s bon. Je ne per\u00e7ois aucun effet ind\u00e9sirable alors que le niveau de d\u00e9tail, la pr\u00e9cision du placement, l'a\u00e9ration et les voix sont plus particuli\u00e8rement am\u00e9lior\u00e9s. L\u2019impact physique est plus marqu\u00e9. Bravo.<\/em>\r\n\r\n<em>Par contre, la plaque ne s\u2019accorde pas avec l\u2019Aurender car ce qu\u2019elle peut apporter sur les points ci-dessus est plus que contrebalanc\u00e9 par des extinctions de notes trop courtes qui rendent les sons plus secs et donc la musicalit\u00e9 s\u2019en ressent fortement.<\/em>\r\n\r\n<em>Je vais tester la plaque sous le Dac et le pr\u00e9ampli pour savoir si cela provoque ce m\u00eame effet le week-end prochain..<\/em>\r\n\r\n<em>D\u2019ores et d\u00e9j\u00e0 je te confirme que je souhaite acqu\u00e9rir les supports [...]<\/em>\r\n\r\n<em>\u00c0 bient\u00f4t<\/em>\r\n\r\n<em>Gilles<\/em><\/pre>\n<p><strong>Avis 2<\/strong><\/p>\n<pre><em>Une activit\u00e9 estivale torride : le musiplanchisme<\/em>\r\n\r\n<em>Cette digression \u00e9pistolaire espi\u00e8gle vise \u00e0 vous faire partager le plaisir d'\u00e9coute renouvel\u00e9 de mon syst\u00e8me Leedh (enceintes Glass + caisson) port\u00e9 cette fois \u00e0 son z\u00e9nith gr\u00e2ce aux CHARM de Michel, pour lequel je suis un heureux testeur volontairement b\u00e9ta !<\/em>\r\n\r\n<em>J'ai fait la connaissance de ce dernier il y a quelques temps, gr\u00e2ce au r\u00e9seau de passionn\u00e9s de Leedhers f\u00e9d\u00e9r\u00e9s par Jean-Luc et Thierry, fondateurs et animateurs du site<a href=\"https:\/\/www.living-leedh.com\" target=\"_blank\" rel=\"noopener noreferrer\"> Living Lheed.<\/a><\/em>\r\n\r\n<em>CHARM pour signifier Composants Heuristiques pour l'Am\u00e9lioration de la Restitution Musicale. Cet acronyme m'est apparu appropri\u00e9 pour d\u00e9signer les supports pour \u00e9l\u00e9ments hi-fi n\u00e9s de la procrastination cr\u00e9ative et des mains habiles de Michel.<\/em>\r\n\r\n<em>Les photos permettent - ou pas de constater que chaque support est, au stade actuel, compos\u00e9 de trois parties, soient, de bas en haut : trois ou quatre patins reposant sur le sol oiu l'\u00e9tag\u00e8re ; des billes intercalaires ... en verre ; le support principal en contact direct avec un \u00e9l\u00e9ment hi-fi (source, enceintes et caisson dans le cas pr\u00e9sent).<\/em>\r\n\r\n<em>Le tout est d'une grande stabilit\u00e9 malgr\u00e9 les apparences, y compris pour le caisson de pr\u00e8s de 50 kilos, qui repose sur quatre pieds !<\/em>\r\n\r\n<em>Je n'\u00e9voquerai pas les aspects techniques de l'objet de toute mon admiration. Il appartiendra \u00e0 l'inventeur de donner des informations pertinentes s'il le souhaite. Je suis d'ailleurs rest\u00e9 moi-m\u00eame dans l'ignorance et ne pourrais donc m\u00eame pas en parler sous la contrainte !<\/em>\r\n\r\n<em>C'est donc de la mise en \u0153uvre de ces Music Boards et de la pratique du musiplanchisme (!), dont je me vais vous parler afin que vous encourager \u00e0 devenir \u00e9galement un adepte de cette activit\u00e9 dont je recommande d'ailleurs la pratique toute l'ann\u00e9e.<\/em>\r\n\r\n<em>Port\u00e9 par une gourmandise, une curiosit\u00e9 et une volont\u00e9 de pousser toujours plus loin la qu\u00eate du naturel, traits qui caract\u00e9risent la plupart des Leedhers que je connais, c'est avec enthousiasme que j'ai emboit\u00e9 le pas d'alpha-testeurs.<\/em>\r\n\r\n<em>Cette exp\u00e9rience intense s'est d\u00e9roul\u00e9e en plusieurs phases : - Enceintes seules avec les planche uniquement puis introduction des billes et patins, - Ajout d'un CHARM sous la source, - Int\u00e9gration du caisson . Cet ordre n'\u00e9tait pas programm\u00e9 mais il aura permis de mieux comprendre ou confirmer les apports des CHARM.<\/em>\r\n\r\n<em>Pour r\u00e9sumer, je peux enfin r\u00e9pondre \u00e0 une question et une qu\u00eate, qui me taraudaenit depuis des ann\u00e9es au fil de mes lectures plus orient\u00e9es mat\u00e9riel que musique (bouh !) du magazine DIAPASON.<\/em>\r\n\r\n<em>Les supports de Michel, qu'il continue \u00e0 perfectionner, me permettent v\u00e9ritablement de ressentir \"l'\u00e9vidence de la musique\" mise en avant dans les tests.<\/em>\r\n\r\n<em>De fait, je n'ai plus affaire \u00e0 une restitution plus ou moins r\u00e9ussie de sons d'instruments, de voix et d'autres bruits mais je suis immerg\u00e9 dans une bulle musicale sans asp\u00e9rit\u00e9, d'un naturel confondant, autre terme adul\u00e9 par les chroniqueurs de Diapason et par moi-m\u00eame ;)<\/em>\r\n\r\n<em>Le niveau de d\u00e9tail, la dynamique, les timbres sont d'une beaut\u00e9 que je pensais inaccessible. L'instantan\u00e9it\u00e9, l'extinction des notes et les silences sont consid\u00e9rablement am\u00e9lior\u00e9s.<\/em>\r\n\r\n<em>La synergie avec les autres \u00e9l\u00e9ments d\u00e9ploy\u00e9s dans mon syst\u00e8me me para\u00eet tr\u00e8s importante (je suis un utilisateur assidu d'accessoires et c\u00e2bles Entrreq puis r\u00e9duire le niveau de bruit).<\/em>\r\n\r\n<em>La pr\u00e9sence et l'int\u00e9gration du caisson sont \u00e9galement des facteurs qualitatifs d\u00e9terminants.<\/em>\r\n\r\n<em>C'est avec gourmandise que j'ai commenc\u00e9 \u00e0 r\u00e9\u00e9couter des morceaux anciens et \u00e0 augmenter la dose de musique classique, qui est vraiment magnifi\u00e9e dans ce nouvel environnement.<\/em>\r\n\r\n<em>j'adresse un grand bravo \u00e0 Michel, qui, d'ores et d\u00e9j\u00e0, nous offre la possibilit\u00e9 de b\u00e9n\u00e9ficier pleinement des capacit\u00e9s \u00e9poustouflantes de nos syst\u00e8mes Leedh.<\/em>\r\n\r\n<em>Pour conclure, je vous encourage vivement \u00e0 vous lancer dans le muspianchisme. Le cas \u00e9ch\u00e9ant je vous accueillerai volontiers pour vous y pr\u00e9parer et partager nos impressions.<\/em>\r\n\r\n<em>A bient\u00f4t !<\/em><\/pre>\n<h5><img \/><\/h5>\n","protected":false},"excerpt":{"rendered":"<p>Avis 1 Bonsoir Michel, J\u2019avance dans l\u2019\u00e9coute. Encore une fois je n\u2019ai pas de talent naturel dans ce domaine et mes impressions sont \u00e0 manier avec des pincettes. D\u2019abord je me pose la question de savoir si les supports en place sous les enceintes ont un effet sur l\u2019accord des phases entre les enceintes et [&hellip;]<\/p>\n","protected":false},"author":1,"featured_media":674,"comment_status":"open","ping_status":"open","sticky":false,"template":"","format":"standard","meta":{"footnotes":""},"categories":[7],"tags":[],"class_list":{"0":"post-142","1":"post","2":"type-post","3":"status-publish","4":"format-standard","5":"has-post-thumbnail","7":"category-melomanes","8":"czr-hentry"},"jetpack_featured_media_url":"https:\/\/i0.wp.com\/www.druide-audio.fr\/wp-content\/uploads\/2023\/01\/Capture-decran-2023-01-27-a-08.41.12.png?fit=2547%2C1151&ssl=1","jetpack-related-posts":[{"id":449,"url":"https:\/\/www.druide-audio.fr\/index.php\/2022\/03\/26\/magic-mastering\/","url_meta":{"origin":142,"position":0},"title":"Plus clair, plus lisible&#8230; Magic Mastering","date":"26 mars 2022","format":false,"excerpt":"...\/... concernant nos tests, c\u2019est sous les enceintes que nous avons appr\u00e9cier vos produits, c\u2019est vraiment tr\u00e8s int\u00e9ressant, \u00e7a apporte du contr\u00f4le dans le grave et la musique est tr\u00e8s bien pr\u00e9sent\u00e9e. Nous avons mis en place les INERTA SH, nous n\u2019avons pas test\u00e9 les autres plaques sous les enceintes.\u2026","rel":"","context":"Dans &quot;Pro&quot;","img":{"alt_text":"","src":"https:\/\/i0.wp.com\/www.druide-audio.fr\/wp-content\/uploads\/2022\/03\/magic-mastering.jpg?fit=500%2C300&ssl=1&resize=350%2C200","width":350,"height":200},"classes":[]},{"id":407,"url":"https:\/\/www.druide-audio.fr\/index.php\/2021\/05\/18\/philippe-pel-toscane\/","url_meta":{"origin":142,"position":1},"title":"&#8220;Boom&#8221; ! Le son de chez Patatorz","date":"18 mai 2021","format":false,"excerpt":"Philippe, 29\/04\/2021 Ayant des pieds Inerta depuis quelques jours sous mes enceintes \u00e0 la place des plots Bfly, je veux vous faire partager mes impressions d'\u00e9coute et les am\u00e9liorations que cela \u00e0 apporter \u00e0 mon syst\u00e8me ...\/.. Mes premiers mots....\"wouah!!...j'ai chang\u00e9 mes enceintes pour le mod\u00e8le haut de gamme de\u2026","rel":"","context":"Dans &quot;Pro&quot;","img":{"alt_text":"","src":"https:\/\/i0.wp.com\/www.druide-audio.fr\/wp-content\/uploads\/2021\/05\/le-son-de-chez-patatorz.jpg?fit=500%2C300&ssl=1&resize=350%2C200","width":350,"height":200},"classes":[]},{"id":121,"url":"https:\/\/www.druide-audio.fr\/index.php\/2020\/09\/10\/bernard-kophos\/","url_meta":{"origin":142,"position":2},"title":"l\u2019\u00e9coute devient encore plus majestueuse, ouverte, profonde, fluide avec un bas m\u00e9dium plus pr\u00e9sent et intelligible. &#8211; Leedh E2 Glass &#8211; Bernard (Kophos)","date":"10 septembre 2020","format":false,"excerpt":"\u00a0\u00a0 10 septembre 2020 ...\/... je comprends que les cr\u00e9ations de Michel ne s'adressent pas qu'aux Leedhers. En effet, ses supports ne \"subliment\" pas que les E2 mais aussi les \u00e9lectroniques qui reposent sur ces supports adapt\u00e9s \u00e0 leur taille...Les commentaires que j'ai fait, il y a 6 mois maintenant,\u2026","rel":"","context":"Dans &quot;M\u00e9lomanes&quot;","img":{"alt_text":"","src":"https:\/\/i0.wp.com\/www.druide-audio.fr\/wp-content\/uploads\/2020\/09\/DSC_0017-rotated.jpg?fit=795%2C1200&ssl=1&resize=350%2C200","width":350,"height":200},"classes":[]},{"id":1293,"url":"https:\/\/www.druide-audio.fr\/index.php\/2023\/03\/13\/renforcement-des-nuances-mais-aussi-des-matieres-sonores-philippe-deslande\/","url_meta":{"origin":142,"position":3},"title":"Renforcement\u00a0des\u00a0nuances mais aussi\u00a0des\u00a0mati\u00e8res sonores &#8211; Philippe Deslande","date":"13 mars 2023","format":false,"excerpt":"Salut Michel! C'est bon j'ai eu un peu de temps pour moi pour \u00e9couter mon installation et pour \u00e9crire ces quelques lignes de CR. Pour info, je suis actuellement en full Inerta sous le streamer: plaque Inerta + pied Inerta + plaque Inerta. Cette configuration me ravit ainsi. \"Voici le\u2026","rel":"","context":"Dans &quot;M\u00e9lomanes&quot;","img":{"alt_text":"","src":"https:\/\/i0.wp.com\/www.druide-audio.fr\/wp-content\/uploads\/2023\/01\/Capture-decran-2023-01-27-a-08.41.12.png?fit=1200%2C542&ssl=1&resize=350%2C200","width":350,"height":200},"classes":[]},{"id":1,"url":"https:\/\/www.druide-audio.fr\/index.php\/2020\/09\/08\/bonjour-tout-le-monde\/","url_meta":{"origin":142,"position":4},"title":"Le son n&#8217;est plus comme avant, il a une plus grande classe, comme si il avait pris de l&#8217;assurance, de l&#8217;ampleur, &#8211; J-H Breton","date":"8 septembre 2020","format":false,"excerpt":"le\u00a0: 05 \/02 \/2020 Essais des plaques INERTA avec leurs Pieds Je poss\u00e8de chez moi un syst\u00e8me haute fid\u00e9lit\u00e9 que l'on peut consid\u00e9rer comme Vintage, que je connais bien, compos\u00e9 comme suit\u00a0: 1 lecteur CD Onkyo Int\u00e9gra DX-320, 1 amplificateur Kenwood KA-2500 reconditionn\u00e9 par Mr PONS de SON et PASSION,\u2026","rel":"","context":"Dans &quot;M\u00e9lomanes&quot;","img":{"alt_text":"","src":"https:\/\/i0.wp.com\/www.druide-audio.fr\/wp-content\/uploads\/2020\/09\/P1000196-scaled.jpg?fit=1200%2C900&ssl=1&resize=350%2C200","width":350,"height":200},"classes":[]},{"id":86,"url":"https:\/\/www.druide-audio.fr\/index.php\/2020\/09\/08\/aaa\/","url_meta":{"origin":142,"position":5},"title":"L\u2019ambiance des salles de concert est encore plus vivante ! Patcam","date":"8 septembre 2020","format":false,"excerpt":"Les plaques Inerta de MichelA l\u2019origine le but \u00e9tait d\u2019am\u00e9liorer mes caissons Leedh, \u00e9tant convaincu que de seulement les sur\u00e9lever permettrait d\u2019am\u00e9liorer les performances, j\u2019ai contact\u00e9 notre ami Jean-Luc.(JustLiSten)Et c\u2019est l\u00e0 que l\u2019histoire a commenc\u00e9 quand il m\u2019a parl\u00e9 des recherches de Michel sur ses plaques.Michel est venu directement \u00e0\u2026","rel":"","context":"Dans &quot;M\u00e9lomanes&quot;","img":{"alt_text":"","src":"https:\/\/i0.wp.com\/www.druide-audio.fr\/wp-content\/uploads\/2020\/09\/Patcam.jpg?fit=675%2C1200&ssl=1&resize=350%2C200","width":350,"height":200},"classes":[]}],"_links":{"self":[{"href":"https:\/\/www.druide-audio.fr\/index.php\/wp-json\/wp\/v2\/posts\/142","targetHints":{"allow":["GET"]}}],"collection":[{"href":"https:\/\/www.druide-audio.fr\/index.php\/wp-json\/wp\/v2\/posts"}],"about":[{"href":"https:\/\/www.druide-audio.fr\/index.php\/wp-json\/wp\/v2\/types\/post"}],"author":[{"embeddable":true,"href":"https:\/\/www.druide-audio.fr\/index.php\/wp-json\/wp\/v2\/users\/1"}],"replies":[{"embeddable":true,"href":"https:\/\/www.druide-audio.fr\/index.php\/wp-json\/wp\/v2\/comments?post=142"}],"version-history":[{"count":12,"href":"https:\/\/www.druide-audio.fr\/index.php\/wp-json\/wp\/v2\/posts\/142\/revisions"}],"predecessor-version":[{"id":900,"href":"https:\/\/www.druide-audio.fr\/index.php\/wp-json\/wp\/v2\/posts\/142\/revisions\/900"}],"wp:featuredmedia":[{"embeddable":true,"href":"https:\/\/www.druide-audio.fr\/index.php\/wp-json\/wp\/v2\/media\/674"}],"wp:attachment":[{"href":"https:\/\/www.druide-audio.fr\/index.php\/wp-json\/wp\/v2\/media?parent=142"}],"wp:term":[{"taxonomy":"category","embeddable":true,"href":"https:\/\/www.druide-audio.fr\/index.php\/wp-json\/wp\/v2\/categories?post=142"},{"taxonomy":"post_tag","embeddable":true,"href":"https:\/\/www.druide-audio.fr\/index.php\/wp-json\/wp\/v2\/tags?post=142"}],"curies":[{"name":"wp","href":"https:\/\/api.w.org\/{rel}","templated":true}]}}