{"id":365,"date":"2023-03-01T09:45:39","date_gmt":"2023-03-01T08:45:39","guid":{"rendered":"https:\/\/www.druide-audio.fr\/?p=365"},"modified":"2023-03-06T12:58:00","modified_gmt":"2023-03-06T11:58:00","slug":"burson-audio-adopte-inerta","status":"publish","type":"post","link":"https:\/\/www.druide-audio.fr\/index.php\/2023\/03\/01\/burson-audio-adopte-inerta\/","title":{"rendered":"Burson Audio adopte INERTA !"},"content":{"rendered":"<p>&nbsp;<\/p>\n<div dir=\"ltr\"><em>le 16\/04\/2021<\/em><\/div>\n<div dir=\"ltr\">Hi Michel,<\/div>\n<div dir=\"ltr\">It&#8217;s good to hear from you and apologise for the delay in reply.<\/div>\n<div>Second and most importantly, your\u00a0INERTA\u00a0plate with glass marble joints is very impressive.\u00a0 The soundstage of <strong>our newly developed Timekeeper 3i never sounded better.<\/strong> : ) We can hear the difference with both the Audeze LCD4 headphones and also through loud speakers.\u00a0 It&#8217;s almost like upgrading the power supply or changing the jitter clock to the Femto clock. : )<\/div>\n<div>Thank you again for this wonderful experience.<\/div>\n<div>Best regards,<\/div>\n<div>Alex, <a href=\"https:\/\/www.bursonaudio.com\/\" target=\"_blank\" rel=\"noopener noreferrer\">Burson Audio<\/a><\/div>\n<div><\/div>\n<div>\n<div dir=\"ltr\"><em>le 30\/04\/2021<\/em><\/div>\n<div dir=\"ltr\">Hi Michel,<\/div>\n<div dir=\"ltr\">These new photos look very sexy!\u00a0 I think you will have a lot of success with these wonderful products.<\/div>\n<div>I have tried your new Inerta\u00a0&#8220;Sleeve&#8221; and yes, it is very impressive.\u00a0 It brings out more colour and micro details in the music. : ) Congratulations.<\/div>\n<div>Apologise too for the slow reply.\u00a0 I have been away from work for personal leaves and we are also planning to launch the new Timekeeper 3i in the next few days, hence it is very chaotic in Burson right now. : )<\/div>\n<div>Best regards,<\/div>\n<div>Alex<\/div>\n<div><\/div>\n<div><a href=\"https:\/\/i0.wp.com\/www.druide-audio.fr\/wp-content\/uploads\/2021\/04\/BursonINERTA.jpeg?ssl=1\"><img loading=\"lazy\" decoding=\"async\" class=\"alignleft wp-image-364 size-medium\" src=\"https:\/\/i0.wp.com\/www.druide-audio.fr\/wp-content\/uploads\/2021\/04\/BursonINERTA.jpeg?resize=300%2C225&#038;ssl=1\" alt=\"\" width=\"300\" height=\"225\" srcset=\"https:\/\/i0.wp.com\/www.druide-audio.fr\/wp-content\/uploads\/2021\/04\/BursonINERTA.jpeg?resize=300%2C225&amp;ssl=1 300w, https:\/\/i0.wp.com\/www.druide-audio.fr\/wp-content\/uploads\/2021\/04\/BursonINERTA.jpeg?resize=1024%2C768&amp;ssl=1 1024w, https:\/\/i0.wp.com\/www.druide-audio.fr\/wp-content\/uploads\/2021\/04\/BursonINERTA.jpeg?resize=768%2C576&amp;ssl=1 768w, https:\/\/i0.wp.com\/www.druide-audio.fr\/wp-content\/uploads\/2021\/04\/BursonINERTA.jpeg?w=1440&amp;ssl=1 1440w\" sizes=\"auto, (max-width: 300px) 100vw, 300px\" data-recalc-dims=\"1\" \/><\/a><\/div>\n<\/div>\n","protected":false},"excerpt":{"rendered":"<p>&nbsp; le 16\/04\/2021 Hi Michel, It&#8217;s good to hear from you and apologise for the delay in reply. Second and most importantly, your\u00a0INERTA\u00a0plate with glass marble joints is very impressive.\u00a0 The soundstage of our newly developed Timekeeper 3i never sounded better. : ) We can hear the difference with both the Audeze LCD4 headphones and [&hellip;]<\/p>\n","protected":false},"author":1,"featured_media":1246,"comment_status":"open","ping_status":"open","sticky":false,"template":"","format":"standard","meta":{"footnotes":""},"categories":[6],"tags":[],"class_list":{"0":"post-365","1":"post","2":"type-post","3":"status-publish","4":"format-standard","5":"has-post-thumbnail","7":"category-pro","8":"czr-hentry"},"jetpack_featured_media_url":"https:\/\/i0.wp.com\/www.druide-audio.fr\/wp-content\/uploads\/2021\/04\/burson-.jpg?fit=500%2C300&ssl=1","jetpack-related-posts":[{"id":425,"url":"https:\/\/www.druide-audio.fr\/index.php\/2021\/09\/15\/tire-aux-flancs\/","url_meta":{"origin":365,"position":0},"title":"Les am\u00e9liorations sont tellement \u00e9normes que de ne pas les essayer serait une erreur \u2026 &#8211; J Souben","date":"15 septembre 2021","format":false,"excerpt":"Amis LEEDHeurs . Ayant acquis une paire de E2 Glass et \u00e9tant un testeur de \u201d Druide Audio Composite \u201d \u2026.( et c\u2019est un sacr\u00e9 boulot de suivre notre ami Michel Wolf !!! avec une certaine prise de risque !! \u2026 ) . Je vous fais part des derni\u00e8res trouvailles\u2026","rel":"","context":"Dans &quot;M\u00e9lomanes&quot;","img":{"alt_text":"","src":"https:\/\/i0.wp.com\/www.druide-audio.fr\/wp-content\/uploads\/2021\/09\/IMG_4846.jpg?fit=640%2C480&ssl=1&resize=350%2C200","width":350,"height":200},"classes":[]},{"id":256,"url":"https:\/\/www.druide-audio.fr\/index.php\/2020\/11\/01\/jacques-s\/","url_meta":{"origin":365,"position":1},"title":"Je serai quand m\u00eame curieux qu\u2019un jour l\u2019on puisse savoir ce qui se passe l\u00e0 dedans quel est ce ph\u00e9nom\u00e8ne qui apporte tant &#8211; J Souben","date":"1 novembre 2020","format":false,"excerpt":"Le 1\/11\/2020 Derni\u00e8res nouvelles du front : notre druide bien aim\u00e9 est pass\u00e9 aux pr\u00e9servatifs !!!!! oui je dis bien aux pr\u00e9servatifs \u2026. mais pas \u00e0 ceux des zigounettes non mais aux pr\u00e9servatifs INERTA \u00e0 ampli op !!!! et l\u00e0 une fois de plus ton syst\u00e8me grimpe ( pas aux\u2026","rel":"","context":"Dans &quot;M\u00e9lomanes&quot;","img":{"alt_text":"","src":"https:\/\/i0.wp.com\/www.druide-audio.fr\/wp-content\/uploads\/2020\/12\/IMG_4313.jpg?fit=640%2C480&ssl=1&resize=350%2C200","width":350,"height":200},"classes":[]},{"id":376,"url":"https:\/\/www.druide-audio.fr\/index.php\/2021\/04\/27\/et-pourtant-elle-tourne\/","url_meta":{"origin":365,"position":2},"title":"La vitesse est juste pile et tr\u00e8s stable &#8211; Just Listen","date":"27 avril 2021","format":false,"excerpt":"Just Listen, le 27\/04\/2021 Je poss\u00e8de un peu tout ce qu'a commis notre ami Michel depuis le d\u00e9but : divers supports pour les \u00e9lectroniques (amplis, DAC, Mac mini, platine CD, vinyle, couvres AOP Burson, ...), enceintes Leedh E2, sans compter un ch\u00e2ssis d'amplificateur DIY con\u00e7u sur mesure. Mais lorsque le\u2026","rel":"","context":"Dans &quot;M\u00e9lomanes&quot;","img":{"alt_text":"","src":"https:\/\/i0.wp.com\/www.druide-audio.fr\/wp-content\/uploads\/2020\/11\/Platine1-scaled.jpg?fit=900%2C1200&ssl=1&resize=350%2C200","width":350,"height":200},"classes":[]},{"id":444,"url":"https:\/\/www.druide-audio.fr\/index.php\/2022\/02\/15\/inerta-sh-nouveau-tour-de-force\/","url_meta":{"origin":365,"position":3},"title":"Inerta SH, nouveau tour de force","date":"15 f\u00e9vrier 2022","format":false,"excerpt":"Hello, Je reviens vers le forum pour mettre \u00e0 jour les tests et les \u00e9volutions que j'ai effectu\u00e9 avec les produits inerta de Michel Wolf. J'ai, en plus des diff\u00e9rents \u00e9quipements d\u00e9crits dans les messages pr\u00e9c\u00e9dents, re\u00e7u et test\u00e9 la nouvelle version des plaques Inerta \u00e0 savoir les Inerta SH\u2026","rel":"","context":"Dans &quot;M\u00e9lomanes&quot;","img":{"alt_text":"","src":"https:\/\/i0.wp.com\/www.druide-audio.fr\/wp-content\/uploads\/2023\/01\/0K0A0924-scaled.jpg?fit=1200%2C800&ssl=1&resize=350%2C200","width":350,"height":200},"classes":[]},{"id":407,"url":"https:\/\/www.druide-audio.fr\/index.php\/2021\/05\/18\/philippe-pel-toscane\/","url_meta":{"origin":365,"position":4},"title":"&#8220;Boom&#8221; ! Le son de chez Patatorz","date":"18 mai 2021","format":false,"excerpt":"Philippe, 29\/04\/2021 Ayant des pieds Inerta depuis quelques jours sous mes enceintes \u00e0 la place des plots Bfly, je veux vous faire partager mes impressions d'\u00e9coute et les am\u00e9liorations que cela \u00e0 apporter \u00e0 mon syst\u00e8me ...\/.. Mes premiers mots....\"wouah!!...j'ai chang\u00e9 mes enceintes pour le mod\u00e8le haut de gamme de\u2026","rel":"","context":"Dans &quot;Pro&quot;","img":{"alt_text":"","src":"https:\/\/i0.wp.com\/www.druide-audio.fr\/wp-content\/uploads\/2021\/05\/le-son-de-chez-patatorz.jpg?fit=500%2C300&ssl=1&resize=350%2C200","width":350,"height":200},"classes":[]},{"id":1293,"url":"https:\/\/www.druide-audio.fr\/index.php\/2023\/03\/13\/renforcement-des-nuances-mais-aussi-des-matieres-sonores-philippe-deslande\/","url_meta":{"origin":365,"position":5},"title":"Renforcement\u00a0des\u00a0nuances mais aussi\u00a0des\u00a0mati\u00e8res sonores &#8211; Philippe Deslande","date":"13 mars 2023","format":false,"excerpt":"Salut Michel! C'est bon j'ai eu un peu de temps pour moi pour \u00e9couter mon installation et pour \u00e9crire ces quelques lignes de CR. Pour info, je suis actuellement en full Inerta sous le streamer: plaque Inerta + pied Inerta + plaque Inerta. Cette configuration me ravit ainsi. \"Voici le\u2026","rel":"","context":"Dans &quot;M\u00e9lomanes&quot;","img":{"alt_text":"","src":"https:\/\/i0.wp.com\/www.druide-audio.fr\/wp-content\/uploads\/2023\/01\/Capture-decran-2023-01-27-a-08.41.12.png?fit=1200%2C542&ssl=1&resize=350%2C200","width":350,"height":200},"classes":[]}],"_links":{"self":[{"href":"https:\/\/www.druide-audio.fr\/index.php\/wp-json\/wp\/v2\/posts\/365","targetHints":{"allow":["GET"]}}],"collection":[{"href":"https:\/\/www.druide-audio.fr\/index.php\/wp-json\/wp\/v2\/posts"}],"about":[{"href":"https:\/\/www.druide-audio.fr\/index.php\/wp-json\/wp\/v2\/types\/post"}],"author":[{"embeddable":true,"href":"https:\/\/www.druide-audio.fr\/index.php\/wp-json\/wp\/v2\/users\/1"}],"replies":[{"embeddable":true,"href":"https:\/\/www.druide-audio.fr\/index.php\/wp-json\/wp\/v2\/comments?post=365"}],"version-history":[{"count":9,"href":"https:\/\/www.druide-audio.fr\/index.php\/wp-json\/wp\/v2\/posts\/365\/revisions"}],"predecessor-version":[{"id":1247,"href":"https:\/\/www.druide-audio.fr\/index.php\/wp-json\/wp\/v2\/posts\/365\/revisions\/1247"}],"wp:featuredmedia":[{"embeddable":true,"href":"https:\/\/www.druide-audio.fr\/index.php\/wp-json\/wp\/v2\/media\/1246"}],"wp:attachment":[{"href":"https:\/\/www.druide-audio.fr\/index.php\/wp-json\/wp\/v2\/media?parent=365"}],"wp:term":[{"taxonomy":"category","embeddable":true,"href":"https:\/\/www.druide-audio.fr\/index.php\/wp-json\/wp\/v2\/categories?post=365"},{"taxonomy":"post_tag","embeddable":true,"href":"https:\/\/www.druide-audio.fr\/index.php\/wp-json\/wp\/v2\/tags?post=365"}],"curies":[{"name":"wp","href":"https:\/\/api.w.org\/{rel}","templated":true}]}}