{"id":376,"date":"2021-04-27T10:36:46","date_gmt":"2021-04-27T08:36:46","guid":{"rendered":"https:\/\/www.druide-audio.fr\/?p=376"},"modified":"2023-03-10T12:41:49","modified_gmt":"2023-03-10T11:41:49","slug":"et-pourtant-elle-tourne","status":"publish","type":"post","link":"https:\/\/www.druide-audio.fr\/index.php\/2021\/04\/27\/et-pourtant-elle-tourne\/","title":{"rendered":"La vitesse est juste pile et tr\u00e8s stable &#8211; Just Listen"},"content":{"rendered":"<p><em>Just Listen, le 27\/04\/2021<\/em><\/p>\n<p>Je poss\u00e8de un peu tout ce qu&#8217;a commis notre ami Michel depuis le d\u00e9but : divers supports pour les \u00e9lectroniques (amplis, DAC, Mac mini, platine CD, vinyle, couvres AOP Burson, &#8230;), enceintes Leedh E2, sans compter un <a href=\"https:\/\/www.canva.com\/design\/DAENNFgF5Nk\/ScRSdf4DW4wJCRRPqAk9fQ\/view?utm_content=DAENNFgF5Nk&amp;utm_campaign=designshare&amp;utm_medium=link&amp;utm_source=publishpresent\" target=\"_blank\" rel=\"noopener noreferrer\">ch\u00e2ssis d&#8217;amplificateur DIY<\/a> con\u00e7u sur mesure.<br \/>\nMais lorsque le Druide m&#8217;a propos\u00e9 de faire un plateau pour la platine Wilson Benesch je dois avouer que j&#8217;\u00e9tais un peu r\u00e9ticent.<br \/>\nCe n&#8217;\u00e9tait plus un objet externe mais une intervention au sein de l&#8217;appareil et qui allait n\u00e9cessiter un nouveau r\u00e9glage en profondeur du bras Origin Live, le plateau pr\u00e9vu \u00e9tant plus haut.<br \/>\nSans compter un poids cons\u00e9quent par rapport \u00e0 l&#8217;original en acrylique, entra\u00een\u00e9 par un moteur et une courroie peut-\u00eatre pas pr\u00e9vus pour une telle charge.<br \/>\nMais bon, les exp\u00e9riences pr\u00e9c\u00e9dentes ayant toutes \u00e9t\u00e9 concluantes, soyons fou, et il est difficile de r\u00e9sister \u00e0 la persuasion de Michel, s\u00fbr de son coup.<\/p>\n<p>&nbsp;<\/p>\n<p>Quelques semaines plus tard, la chose est livr\u00e9e, install\u00e9e, avec en bonus un palet presseur.<br \/>\nLe plateau est recouvert en graphite.<br \/>\nQuelques heures encore pour les r\u00e9glages pointus et pas \u00e9vidents &#8230;<br \/>\nV\u00e9rification de la vitesse (je pr\u00e9f\u00e8re aider un peu le d\u00e9marrage avec la main car grosse inertie).<br \/>\nLa vitesse est juste pile et tr\u00e8s stable.<br \/>\nEssais rapides car comme d&#8217;habitude il est bon d&#8217;attendre 48 h.<\/p>\n<p>&nbsp;<\/p>\n<p>Je poss\u00e8de quelques centaines (milliers ?) de vinyles, une petite collection de platines vintages (Scientelec, Thorens diverses,\u00a0 Garrard 401, Lenco, Transcriptor, &#8230;) et trouve que l&#8217;\u00e9coute est largement au-dessus du support CD, malgr\u00e9 des d\u00e9fauts inh\u00e9rents.<br \/>\nAlors je ne vais pas m&#8217;\u00e9tendre sur les \u00e9coutes. Seulement quelques mots au d\u00e9bott\u00e9 : recul du bruit de fond, \u00e9nergie d\u00e9cupl\u00e9e, grave tr\u00e8s tendu, tr\u00e8s beaux timbres,\u00a0 \u00e7a descend plus bas et monte plus haut, sans parler de l&#8217;image.<br \/>\nJe ne pensais pas qu&#8217;il y avait autant d&#8217;informations sur un vinyle.<br \/>\nPlateau d&#8217;origine Wilson Benesch Circle \u00e0 c\u00e9der !<\/p>\n<p><img loading=\"lazy\" decoding=\"async\" class=\"wp-image-393 alignleft\" src=\"https:\/\/i0.wp.com\/www.druide-audio.fr\/wp-content\/uploads\/2021\/04\/OIP-5.jpg?resize=122%2C103&#038;ssl=1\" alt=\"\" width=\"122\" height=\"103\" srcset=\"https:\/\/i0.wp.com\/www.druide-audio.fr\/wp-content\/uploads\/2021\/04\/OIP-5.jpg?resize=300%2C254&amp;ssl=1 300w, https:\/\/i0.wp.com\/www.druide-audio.fr\/wp-content\/uploads\/2021\/04\/OIP-5.jpg?w=319&amp;ssl=1 319w\" sizes=\"auto, (max-width: 122px) 100vw, 122px\" data-recalc-dims=\"1\" \/><img loading=\"lazy\" decoding=\"async\" class=\"alignleft wp-image-262 size-medium\" src=\"https:\/\/i0.wp.com\/www.druide-audio.fr\/wp-content\/uploads\/2020\/11\/Platine2.jpg?resize=225%2C300&#038;ssl=1\" alt=\"\" width=\"225\" height=\"300\" srcset=\"https:\/\/i0.wp.com\/www.druide-audio.fr\/wp-content\/uploads\/2020\/11\/Platine2-scaled.jpg?resize=225%2C300&amp;ssl=1 225w, https:\/\/i0.wp.com\/www.druide-audio.fr\/wp-content\/uploads\/2020\/11\/Platine2-scaled.jpg?resize=768%2C1024&amp;ssl=1 768w, https:\/\/i0.wp.com\/www.druide-audio.fr\/wp-content\/uploads\/2020\/11\/Platine2-scaled.jpg?resize=1152%2C1536&amp;ssl=1 1152w, https:\/\/i0.wp.com\/www.druide-audio.fr\/wp-content\/uploads\/2020\/11\/Platine2-scaled.jpg?resize=1536%2C2048&amp;ssl=1 1536w, https:\/\/i0.wp.com\/www.druide-audio.fr\/wp-content\/uploads\/2020\/11\/Platine2-scaled.jpg?w=1920&amp;ssl=1 1920w\" sizes=\"auto, (max-width: 225px) 100vw, 225px\" data-recalc-dims=\"1\" \/><img loading=\"lazy\" decoding=\"async\" class=\"alignleft wp-image-389 \" src=\"https:\/\/i0.wp.com\/www.druide-audio.fr\/wp-content\/uploads\/2021\/04\/IMG_1750.jpg?resize=400%2C300&#038;ssl=1\" alt=\"\" width=\"400\" height=\"300\" srcset=\"https:\/\/i0.wp.com\/www.druide-audio.fr\/wp-content\/uploads\/2021\/04\/IMG_1750.jpg?resize=300%2C225&amp;ssl=1 300w, https:\/\/i0.wp.com\/www.druide-audio.fr\/wp-content\/uploads\/2021\/04\/IMG_1750.jpg?w=640&amp;ssl=1 640w\" sizes=\"auto, (max-width: 400px) 100vw, 400px\" data-recalc-dims=\"1\" \/><\/p>\n","protected":false},"excerpt":{"rendered":"<p>Just Listen, le 27\/04\/2021 Je poss\u00e8de un peu tout ce qu&#8217;a commis notre ami Michel depuis le d\u00e9but : divers supports pour les \u00e9lectroniques (amplis, DAC, Mac mini, platine CD, vinyle, couvres AOP Burson, &#8230;), enceintes Leedh E2, sans compter un ch\u00e2ssis d&#8217;amplificateur DIY con\u00e7u sur mesure. Mais lorsque le Druide m&#8217;a propos\u00e9 de faire [&hellip;]<\/p>\n","protected":false},"author":1,"featured_media":261,"comment_status":"open","ping_status":"open","sticky":false,"template":"","format":"standard","meta":{"footnotes":""},"categories":[7],"tags":[],"class_list":{"0":"post-376","1":"post","2":"type-post","3":"status-publish","4":"format-standard","5":"has-post-thumbnail","7":"category-melomanes","8":"czr-hentry"},"jetpack_featured_media_url":"https:\/\/i0.wp.com\/www.druide-audio.fr\/wp-content\/uploads\/2020\/11\/Platine1-scaled.jpg?fit=1920%2C2560&ssl=1","jetpack-related-posts":[{"id":1257,"url":"https:\/\/www.druide-audio.fr\/index.php\/2023\/02\/06\/aere-medium-plein-et-riche-dynamique-seche-et-rapide-attaque-des-notes-sans-trainage-edgar-morineau\/","url_meta":{"origin":376,"position":0},"title":"A\u00e9r\u00e9, m\u00e9dium plein et riche, dynamique s\u00e8che et rapide, attaque des notes sans trainage &#8211; Edgar Morineau","date":"6 f\u00e9vrier 2023","format":false,"excerpt":"30\/03\/2022 \u00e0 18:20 - Edgar Morineau: Bonjour.J\u2019en ai termin\u00e9 avec le plateau vinyle.J\u2019ai pris beaucoup de temps car j\u2019ai test\u00e9 ce dernier dans des configurations diff\u00e9rentes : 5 disques r\u00e9pertori\u00e9s depuis des lustres,ayant fait leur preuve aussi bien artistiquement que techniquement - 3 platines\/3 bras\/3 cellules-\u00a0 \u00a0 \u00a0 \u00a0 \u00a0\u2026","rel":"","context":"Dans &quot;Pro&quot;","img":{"alt_text":"","src":"https:\/\/i0.wp.com\/www.druide-audio.fr\/wp-content\/uploads\/2023\/03\/Capture-decran-2023-03-06-a-13.01.01.png?fit=714%2C474&ssl=1&resize=350%2C200","width":350,"height":200},"classes":[]},{"id":880,"url":"https:\/\/www.druide-audio.fr\/index.php\/2023\/01\/30\/beethoven-les-bandes-sons-de-hanz-zimmer-just-right-inside-the-music\/","url_meta":{"origin":376,"position":1},"title":"Beethoven, les bandes sons de Hanz Zimmer&#8230; Just right inside the music !!! &#8211; Albin Antunes","date":"30 janvier 2023","format":false,"excerpt":"Concernant les plaques inerta de Michel, quelques impressions diverses ... Un peu perdu depuis plusieurs ann\u00e9es - \u00e0 la recherche du son perdu ... Malgr\u00e9 moultes essais, achats, impressions d'am\u00e9liorations ... A la fois adepte \"int\u00e9griste\" de Home-Cin\u00e9ma et de beau son st\u00e9r\u00e9o, je dois me rendre \u00e0 l'\u00e9vidence que\u2026","rel":"","context":"Dans &quot;M\u00e9lomanes&quot;","img":{"alt_text":"","src":"https:\/\/i0.wp.com\/www.druide-audio.fr\/wp-content\/uploads\/2023\/01\/Capture-decran-2023-01-27-a-08.42.19.png?fit=1200%2C542&ssl=1&resize=350%2C200","width":350,"height":200},"classes":[]},{"id":436,"url":"https:\/\/www.druide-audio.fr\/index.php\/2021\/10\/13\/haut-et-fort\/","url_meta":{"origin":376,"position":2},"title":"Haut et fort ! &#8211; Albin Antunes","date":"13 octobre 2021","format":false,"excerpt":"Concernant les plaques INERTA SH\u00a0 de Michel, quelques impressions diverses ... Un peu perdu depuis plusieurs ann\u00e9es - \u00e0 la recherche du son perdu ... Malgr\u00e9 moultes essais, achats, impressions d'am\u00e9liorations ... A la fois adepte \"int\u00e9griste\" de Home-Cin\u00e9ma et de beau son st\u00e9r\u00e9o, je dois me rendre \u00e0 l'\u00e9vidence\u2026","rel":"","context":"Dans &quot;M\u00e9lomanes&quot;","img":{"alt_text":"","src":"https:\/\/i0.wp.com\/www.druide-audio.fr\/wp-content\/uploads\/2021\/10\/Albin1.jpg?fit=1200%2C900&ssl=1&resize=350%2C200","width":350,"height":200},"classes":[]},{"id":86,"url":"https:\/\/www.druide-audio.fr\/index.php\/2020\/09\/08\/aaa\/","url_meta":{"origin":376,"position":3},"title":"L\u2019ambiance des salles de concert est encore plus vivante ! Patcam","date":"8 septembre 2020","format":false,"excerpt":"Les plaques Inerta de MichelA l\u2019origine le but \u00e9tait d\u2019am\u00e9liorer mes caissons Leedh, \u00e9tant convaincu que de seulement les sur\u00e9lever permettrait d\u2019am\u00e9liorer les performances, j\u2019ai contact\u00e9 notre ami Jean-Luc.(JustLiSten)Et c\u2019est l\u00e0 que l\u2019histoire a commenc\u00e9 quand il m\u2019a parl\u00e9 des recherches de Michel sur ses plaques.Michel est venu directement \u00e0\u2026","rel":"","context":"Dans &quot;M\u00e9lomanes&quot;","img":{"alt_text":"","src":"https:\/\/i0.wp.com\/www.druide-audio.fr\/wp-content\/uploads\/2020\/09\/Patcam.jpg?fit=675%2C1200&ssl=1&resize=350%2C200","width":350,"height":200},"classes":[]},{"id":1293,"url":"https:\/\/www.druide-audio.fr\/index.php\/2023\/03\/13\/renforcement-des-nuances-mais-aussi-des-matieres-sonores-philippe-deslande\/","url_meta":{"origin":376,"position":4},"title":"Renforcement\u00a0des\u00a0nuances mais aussi\u00a0des\u00a0mati\u00e8res sonores &#8211; Philippe Deslande","date":"13 mars 2023","format":false,"excerpt":"Salut Michel! C'est bon j'ai eu un peu de temps pour moi pour \u00e9couter mon installation et pour \u00e9crire ces quelques lignes de CR. Pour info, je suis actuellement en full Inerta sous le streamer: plaque Inerta + pied Inerta + plaque Inerta. Cette configuration me ravit ainsi. \"Voici le\u2026","rel":"","context":"Dans &quot;M\u00e9lomanes&quot;","img":{"alt_text":"","src":"https:\/\/i0.wp.com\/www.druide-audio.fr\/wp-content\/uploads\/2023\/01\/Capture-decran-2023-01-27-a-08.41.12.png?fit=1200%2C542&ssl=1&resize=350%2C200","width":350,"height":200},"classes":[]},{"id":449,"url":"https:\/\/www.druide-audio.fr\/index.php\/2022\/03\/26\/magic-mastering\/","url_meta":{"origin":376,"position":5},"title":"Plus clair, plus lisible&#8230; Magic Mastering","date":"26 mars 2022","format":false,"excerpt":"...\/... concernant nos tests, c\u2019est sous les enceintes que nous avons appr\u00e9cier vos produits, c\u2019est vraiment tr\u00e8s int\u00e9ressant, \u00e7a apporte du contr\u00f4le dans le grave et la musique est tr\u00e8s bien pr\u00e9sent\u00e9e. Nous avons mis en place les INERTA SH, nous n\u2019avons pas test\u00e9 les autres plaques sous les enceintes.\u2026","rel":"","context":"Dans &quot;Pro&quot;","img":{"alt_text":"","src":"https:\/\/i0.wp.com\/www.druide-audio.fr\/wp-content\/uploads\/2022\/03\/magic-mastering.jpg?fit=500%2C300&ssl=1&resize=350%2C200","width":350,"height":200},"classes":[]}],"_links":{"self":[{"href":"https:\/\/www.druide-audio.fr\/index.php\/wp-json\/wp\/v2\/posts\/376","targetHints":{"allow":["GET"]}}],"collection":[{"href":"https:\/\/www.druide-audio.fr\/index.php\/wp-json\/wp\/v2\/posts"}],"about":[{"href":"https:\/\/www.druide-audio.fr\/index.php\/wp-json\/wp\/v2\/types\/post"}],"author":[{"embeddable":true,"href":"https:\/\/www.druide-audio.fr\/index.php\/wp-json\/wp\/v2\/users\/1"}],"replies":[{"embeddable":true,"href":"https:\/\/www.druide-audio.fr\/index.php\/wp-json\/wp\/v2\/comments?post=376"}],"version-history":[{"count":24,"href":"https:\/\/www.druide-audio.fr\/index.php\/wp-json\/wp\/v2\/posts\/376\/revisions"}],"predecessor-version":[{"id":1286,"href":"https:\/\/www.druide-audio.fr\/index.php\/wp-json\/wp\/v2\/posts\/376\/revisions\/1286"}],"wp:featuredmedia":[{"embeddable":true,"href":"https:\/\/www.druide-audio.fr\/index.php\/wp-json\/wp\/v2\/media\/261"}],"wp:attachment":[{"href":"https:\/\/www.druide-audio.fr\/index.php\/wp-json\/wp\/v2\/media?parent=376"}],"wp:term":[{"taxonomy":"category","embeddable":true,"href":"https:\/\/www.druide-audio.fr\/index.php\/wp-json\/wp\/v2\/categories?post=376"},{"taxonomy":"post_tag","embeddable":true,"href":"https:\/\/www.druide-audio.fr\/index.php\/wp-json\/wp\/v2\/tags?post=376"}],"curies":[{"name":"wp","href":"https:\/\/api.w.org\/{rel}","templated":true}]}}