{"id":425,"date":"2021-09-15T13:17:55","date_gmt":"2021-09-15T11:17:55","guid":{"rendered":"https:\/\/www.druide-audio.fr\/?p=425"},"modified":"2023-03-06T13:05:07","modified_gmt":"2023-03-06T12:05:07","slug":"tire-aux-flancs","status":"publish","type":"post","link":"https:\/\/www.druide-audio.fr\/index.php\/2021\/09\/15\/tire-aux-flancs\/","title":{"rendered":"Les am\u00e9liorations sont tellement \u00e9normes que de ne pas les essayer serait une erreur \u2026 &#8211; J Souben"},"content":{"rendered":"<pre class=\"moz-quote-pre\">Amis LEEDHeurs . \r\nAyant acquis une paire de E2 Glass et \u00e9tant un testeur de \u201d Druide Audio Composite \u201d \u2026.( et c\u2019est un sacr\u00e9 boulot de suivre notre ami Michel Wolf !!! avec une certaine prise de risque !! \u2026 ) . Je vous fais part des derni\u00e8res trouvailles :\r\nTout d\u2019abord les plaques INERTA du dessous . Michel propose 2 mod\u00e8les ; certains utilisent d\u00e9j\u00e0 le mod\u00e8le de base avec bonheur ( voir les commentaires \u00e0 ce sujet ) Je vais donc vous parler du mod\u00e8le INERTA sh . Maintenant l\u2019aspect est devenu plus fini avec un pourtour issue de l\u2019impression 3D . Mais c\u2019est surtout le ressenti qui importe , et l\u00e0 c\u2019est net , tout est en mieux ; la sc\u00e8ne musicale est \u00e9largie et plus profonde , les d\u00e9tails des petites notes sont nettement mieux ressentis ; l\u2019effet st\u00e9r\u00e9o am\u00e9lior\u00e9  , la pr\u00e9sence des voix sont mises en avant ( mais pas trop ) et les silences profonds . \r\nNous testons en ce moment des joues pour la partie filtre . ( voir photos ) .  bien \u00e9videmment nous sommes dans du prototype et la finition reste \u00e0 finaliser \u2026 Mais ce qui nous int\u00e9resse est le ressenti . Une fois de plus l\u2019on constate que les composants \u00e9lectroniques sont particuli\u00e8rement sensibles au contact de ces plaques , pourquoi ???? c\u2019est un grand myst\u00e8re qui reste \u00e0 \u00e9lucider \u2026 mais force est de constater que \u00e7a marche et pas qu\u2019un peu , toutes les qualit\u00e9s des enceintes sont sublim\u00e9es c\u2019est vraiment impressionnant . Il est n\u00e9cessaire d\u2019attendre quelques jours pour vraiment en ressortir tout le bien fait . Il me tarde maintenant de tester ces m\u00eames joues en INERTA sh . Nous constatons \u00e9galement que lorsque que l\u2019on remplace les enrobages plastique par des fourreaux en INERTA sh , par exemple sur les AOP ou r\u00e9cemment sur le \u201d Super Charger 3A \u201d de chez BURSON AUDIO les effets sont encore meilleurs . Ce doit \u00eatre l\u2019effet isolant du plastique j\u2019imagine ? . \r\nLes am\u00e9liorations sont tellement \u00e9normes que de ne pas les essayer serait une erreur \u2026\r\n\r\nJacques Souben \r\n<a href=\"https:\/\/i0.wp.com\/www.druide-audio.fr\/wp-content\/uploads\/2021\/09\/IMG_4844.jpg?ssl=1\"><img loading=\"lazy\" decoding=\"async\" class=\"alignleft wp-image-428 size-medium\" src=\"https:\/\/i0.wp.com\/www.druide-audio.fr\/wp-content\/uploads\/2021\/09\/IMG_4845.jpg?resize=300%2C225&#038;ssl=1\" alt=\"\" width=\"300\" height=\"225\" srcset=\"https:\/\/i0.wp.com\/www.druide-audio.fr\/wp-content\/uploads\/2021\/09\/IMG_4845.jpg?resize=300%2C225&amp;ssl=1 300w, https:\/\/i0.wp.com\/www.druide-audio.fr\/wp-content\/uploads\/2021\/09\/IMG_4845.jpg?w=640&amp;ssl=1 640w\" sizes=\"auto, (max-width: 300px) 100vw, 300px\" data-recalc-dims=\"1\" \/><img loading=\"lazy\" decoding=\"async\" class=\"alignleft wp-image-429 size-medium\" src=\"https:\/\/i0.wp.com\/www.druide-audio.fr\/wp-content\/uploads\/2021\/09\/IMG_4846.jpg?resize=300%2C225&#038;ssl=1\" alt=\"\" width=\"300\" height=\"225\" srcset=\"https:\/\/i0.wp.com\/www.druide-audio.fr\/wp-content\/uploads\/2021\/09\/IMG_4846.jpg?resize=300%2C225&amp;ssl=1 300w, https:\/\/i0.wp.com\/www.druide-audio.fr\/wp-content\/uploads\/2021\/09\/IMG_4846.jpg?w=640&amp;ssl=1 640w\" sizes=\"auto, (max-width: 300px) 100vw, 300px\" data-recalc-dims=\"1\" \/><img loading=\"lazy\" decoding=\"async\" class=\"alignnone wp-image-427 size-medium\" src=\"https:\/\/i0.wp.com\/www.druide-audio.fr\/wp-content\/uploads\/2021\/09\/IMG_4844.jpg?resize=300%2C225&#038;ssl=1\" alt=\"\" width=\"300\" height=\"225\" srcset=\"https:\/\/i0.wp.com\/www.druide-audio.fr\/wp-content\/uploads\/2021\/09\/IMG_4844.jpg?resize=300%2C225&amp;ssl=1 300w, https:\/\/i0.wp.com\/www.druide-audio.fr\/wp-content\/uploads\/2021\/09\/IMG_4844.jpg?w=640&amp;ssl=1 640w\" sizes=\"auto, (max-width: 300px) 100vw, 300px\" data-recalc-dims=\"1\" \/><\/a> \r\n<\/pre>\n","protected":false},"excerpt":{"rendered":"<p>Amis LEEDHeurs . Ayant acquis une paire de E2 Glass et \u00e9tant un testeur de \u201d Druide Audio Composite \u201d \u2026.( et c\u2019est un sacr\u00e9 boulot de suivre notre ami Michel Wolf !!! avec une certaine prise de risque !! \u2026 ) . Je vous fais part des derni\u00e8res trouvailles : Tout d\u2019abord les plaques [&hellip;]<\/p>\n","protected":false},"author":1,"featured_media":429,"comment_status":"open","ping_status":"open","sticky":false,"template":"","format":"standard","meta":{"footnotes":""},"categories":[7],"tags":[],"class_list":{"0":"post-425","1":"post","2":"type-post","3":"status-publish","4":"format-standard","5":"has-post-thumbnail","7":"category-melomanes","8":"czr-hentry"},"jetpack_featured_media_url":"https:\/\/i0.wp.com\/www.druide-audio.fr\/wp-content\/uploads\/2021\/09\/IMG_4846.jpg?fit=640%2C480&ssl=1","jetpack-related-posts":[{"id":256,"url":"https:\/\/www.druide-audio.fr\/index.php\/2020\/11\/01\/jacques-s\/","url_meta":{"origin":425,"position":0},"title":"Je serai quand m\u00eame curieux qu\u2019un jour l\u2019on puisse savoir ce qui se passe l\u00e0 dedans quel est ce ph\u00e9nom\u00e8ne qui apporte tant &#8211; J Souben","date":"1 novembre 2020","format":false,"excerpt":"Le 1\/11\/2020 Derni\u00e8res nouvelles du front : notre druide bien aim\u00e9 est pass\u00e9 aux pr\u00e9servatifs !!!!! oui je dis bien aux pr\u00e9servatifs \u2026. mais pas \u00e0 ceux des zigounettes non mais aux pr\u00e9servatifs INERTA \u00e0 ampli op !!!! et l\u00e0 une fois de plus ton syst\u00e8me grimpe ( pas aux\u2026","rel":"","context":"Dans &quot;M\u00e9lomanes&quot;","img":{"alt_text":"","src":"https:\/\/i0.wp.com\/www.druide-audio.fr\/wp-content\/uploads\/2020\/12\/IMG_4313.jpg?fit=640%2C480&ssl=1&resize=350%2C200","width":350,"height":200},"classes":[]},{"id":1293,"url":"https:\/\/www.druide-audio.fr\/index.php\/2023\/03\/13\/renforcement-des-nuances-mais-aussi-des-matieres-sonores-philippe-deslande\/","url_meta":{"origin":425,"position":1},"title":"Renforcement\u00a0des\u00a0nuances mais aussi\u00a0des\u00a0mati\u00e8res sonores &#8211; Philippe Deslande","date":"13 mars 2023","format":false,"excerpt":"Salut Michel! C'est bon j'ai eu un peu de temps pour moi pour \u00e9couter mon installation et pour \u00e9crire ces quelques lignes de CR. Pour info, je suis actuellement en full Inerta sous le streamer: plaque Inerta + pied Inerta + plaque Inerta. Cette configuration me ravit ainsi. \"Voici le\u2026","rel":"","context":"Dans &quot;M\u00e9lomanes&quot;","img":{"alt_text":"","src":"https:\/\/i0.wp.com\/www.druide-audio.fr\/wp-content\/uploads\/2023\/01\/Capture-decran-2023-01-27-a-08.41.12.png?fit=1200%2C542&ssl=1&resize=350%2C200","width":350,"height":200},"classes":[]},{"id":407,"url":"https:\/\/www.druide-audio.fr\/index.php\/2021\/05\/18\/philippe-pel-toscane\/","url_meta":{"origin":425,"position":2},"title":"&#8220;Boom&#8221; ! Le son de chez Patatorz","date":"18 mai 2021","format":false,"excerpt":"Philippe, 29\/04\/2021 Ayant des pieds Inerta depuis quelques jours sous mes enceintes \u00e0 la place des plots Bfly, je veux vous faire partager mes impressions d'\u00e9coute et les am\u00e9liorations que cela \u00e0 apporter \u00e0 mon syst\u00e8me ...\/.. Mes premiers mots....\"wouah!!...j'ai chang\u00e9 mes enceintes pour le mod\u00e8le haut de gamme de\u2026","rel":"","context":"Dans &quot;Pro&quot;","img":{"alt_text":"","src":"https:\/\/i0.wp.com\/www.druide-audio.fr\/wp-content\/uploads\/2021\/05\/le-son-de-chez-patatorz.jpg?fit=500%2C300&ssl=1&resize=350%2C200","width":350,"height":200},"classes":[]},{"id":444,"url":"https:\/\/www.druide-audio.fr\/index.php\/2022\/02\/15\/inerta-sh-nouveau-tour-de-force\/","url_meta":{"origin":425,"position":3},"title":"Inerta SH, nouveau tour de force","date":"15 f\u00e9vrier 2022","format":false,"excerpt":"Hello, Je reviens vers le forum pour mettre \u00e0 jour les tests et les \u00e9volutions que j'ai effectu\u00e9 avec les produits inerta de Michel Wolf. J'ai, en plus des diff\u00e9rents \u00e9quipements d\u00e9crits dans les messages pr\u00e9c\u00e9dents, re\u00e7u et test\u00e9 la nouvelle version des plaques Inerta \u00e0 savoir les Inerta SH\u2026","rel":"","context":"Dans &quot;M\u00e9lomanes&quot;","img":{"alt_text":"","src":"https:\/\/i0.wp.com\/www.druide-audio.fr\/wp-content\/uploads\/2023\/01\/0K0A0924-scaled.jpg?fit=1200%2C800&ssl=1&resize=350%2C200","width":350,"height":200},"classes":[]},{"id":1,"url":"https:\/\/www.druide-audio.fr\/index.php\/2020\/09\/08\/bonjour-tout-le-monde\/","url_meta":{"origin":425,"position":4},"title":"Le son n&#8217;est plus comme avant, il a une plus grande classe, comme si il avait pris de l&#8217;assurance, de l&#8217;ampleur, &#8211; J-H Breton","date":"8 septembre 2020","format":false,"excerpt":"le\u00a0: 05 \/02 \/2020 Essais des plaques INERTA avec leurs Pieds Je poss\u00e8de chez moi un syst\u00e8me haute fid\u00e9lit\u00e9 que l'on peut consid\u00e9rer comme Vintage, que je connais bien, compos\u00e9 comme suit\u00a0: 1 lecteur CD Onkyo Int\u00e9gra DX-320, 1 amplificateur Kenwood KA-2500 reconditionn\u00e9 par Mr PONS de SON et PASSION,\u2026","rel":"","context":"Dans &quot;M\u00e9lomanes&quot;","img":{"alt_text":"","src":"https:\/\/i0.wp.com\/www.druide-audio.fr\/wp-content\/uploads\/2020\/09\/P1000196-scaled.jpg?fit=1200%2C900&ssl=1&resize=350%2C200","width":350,"height":200},"classes":[]},{"id":86,"url":"https:\/\/www.druide-audio.fr\/index.php\/2020\/09\/08\/aaa\/","url_meta":{"origin":425,"position":5},"title":"L\u2019ambiance des salles de concert est encore plus vivante ! Patcam","date":"8 septembre 2020","format":false,"excerpt":"Les plaques Inerta de MichelA l\u2019origine le but \u00e9tait d\u2019am\u00e9liorer mes caissons Leedh, \u00e9tant convaincu que de seulement les sur\u00e9lever permettrait d\u2019am\u00e9liorer les performances, j\u2019ai contact\u00e9 notre ami Jean-Luc.(JustLiSten)Et c\u2019est l\u00e0 que l\u2019histoire a commenc\u00e9 quand il m\u2019a parl\u00e9 des recherches de Michel sur ses plaques.Michel est venu directement \u00e0\u2026","rel":"","context":"Dans &quot;M\u00e9lomanes&quot;","img":{"alt_text":"","src":"https:\/\/i0.wp.com\/www.druide-audio.fr\/wp-content\/uploads\/2020\/09\/Patcam.jpg?fit=675%2C1200&ssl=1&resize=350%2C200","width":350,"height":200},"classes":[]}],"_links":{"self":[{"href":"https:\/\/www.druide-audio.fr\/index.php\/wp-json\/wp\/v2\/posts\/425","targetHints":{"allow":["GET"]}}],"collection":[{"href":"https:\/\/www.druide-audio.fr\/index.php\/wp-json\/wp\/v2\/posts"}],"about":[{"href":"https:\/\/www.druide-audio.fr\/index.php\/wp-json\/wp\/v2\/types\/post"}],"author":[{"embeddable":true,"href":"https:\/\/www.druide-audio.fr\/index.php\/wp-json\/wp\/v2\/users\/1"}],"replies":[{"embeddable":true,"href":"https:\/\/www.druide-audio.fr\/index.php\/wp-json\/wp\/v2\/comments?post=425"}],"version-history":[{"count":9,"href":"https:\/\/www.druide-audio.fr\/index.php\/wp-json\/wp\/v2\/posts\/425\/revisions"}],"predecessor-version":[{"id":1251,"href":"https:\/\/www.druide-audio.fr\/index.php\/wp-json\/wp\/v2\/posts\/425\/revisions\/1251"}],"wp:featuredmedia":[{"embeddable":true,"href":"https:\/\/www.druide-audio.fr\/index.php\/wp-json\/wp\/v2\/media\/429"}],"wp:attachment":[{"href":"https:\/\/www.druide-audio.fr\/index.php\/wp-json\/wp\/v2\/media?parent=425"}],"wp:term":[{"taxonomy":"category","embeddable":true,"href":"https:\/\/www.druide-audio.fr\/index.php\/wp-json\/wp\/v2\/categories?post=425"},{"taxonomy":"post_tag","embeddable":true,"href":"https:\/\/www.druide-audio.fr\/index.php\/wp-json\/wp\/v2\/tags?post=425"}],"curies":[{"name":"wp","href":"https:\/\/api.w.org\/{rel}","templated":true}]}}