{"id":444,"date":"2022-02-15T13:29:28","date_gmt":"2022-02-15T12:29:28","guid":{"rendered":"https:\/\/www.druide-audio.fr\/?p=444"},"modified":"2023-03-06T12:37:08","modified_gmt":"2023-03-06T11:37:08","slug":"inerta-sh-nouveau-tour-de-force","status":"publish","type":"post","link":"https:\/\/www.druide-audio.fr\/index.php\/2022\/02\/15\/inerta-sh-nouveau-tour-de-force\/","title":{"rendered":"Inerta SH, nouveau tour de force"},"content":{"rendered":"<p>Hello,<br \/>\nJe reviens vers le forum pour mettre \u00e0 jour les tests et les \u00e9volutions que j&#8217;ai effectu\u00e9 avec les produits inerta de Michel Wolf. J&#8217;ai, en plus des diff\u00e9rents \u00e9quipements d\u00e9crits dans les messages pr\u00e9c\u00e9dents, re\u00e7u et test\u00e9 la nouvelle version des plaques Inerta \u00e0 savoir les Inerta SH dont la composition interne diff\u00e8re des Inerta classiques. Cette nouvelle g\u00e9n\u00e9ration de plaques vient \u00e9quiper mes enceintes PEL Toscane et mon switch chord. Quelque soit l\u2019\u00e9quipement test\u00e9, on retrouve des similitudes sur les apports faits par les plaques SH. Ces plaques apportent tout d&#8217;abord une plus grande finesse dans la retranscription par rapport au Inerta classique tout en renfor\u00e7ant la pr\u00e9sence et les nuances des voix et des instruments. Les notes gagnent en consistance avec des attaques et des longueurs tout \u00e0 fait surprenantes. Ce qui est appr\u00e9ciable avec des plaques SH c&#8217;est leur facult\u00e9 \u00e0 influencer sur la sc\u00e8ne sonore en lui faisant gagner de la profondeur et de la hauteur. C&#8217;\u00e9tait d\u00e9j\u00e0 le cas avec les plaques Inerta classiques mais c&#8217;est plus accentu\u00e9 avec cette version SH. A cela vient s&#8217;ajouter une forme de facult\u00e9 \u00e0 sculpter l&#8217;espace sonore avec des insertions holographiques d\u00e9routantes tout en respectant l&#8217;\u00e9tagement de la sc\u00e8ne. Bien sur ces remarques valent sur les enregistrement de qualit\u00e9 tels que j&#8217;ai pu le constater sur l&#8217;album Nameless de Dominique Aim\u00e9, Djourou de Ballak\u00e9 Sissoko, 1958 de Blick Bassy et bien d&#8217;autres.<br \/>\nConcernant le switch, les plaques SH permettent de l&#8217;exploiter pleinement et de faire ressortir des qualit\u00e9s qui seraient rest\u00e9es sous silence. Pour tout vous dire, \u00e9tant peu convaincu par l&#8217;apport de ce switch, j&#8217;ai failli le renvoyer \u00e0 l&#8217;issue de la p\u00e9riode d&#8217;essai mais l&#8217;insertion de la plaque SH a \u00e9t\u00e9 comme un r\u00e9v\u00e9lateur&#8230; et j&#8217;ai finalement gard\u00e9 ce switch.<br \/>\nCette nouvelle version des plaques Inerta permet d&#8217;aller plus loin dans l&#8217;immersion sonore avec plus de finesse, de d\u00e9tails et d&#8217;effets volumiques.<br \/>\nC&#8217;est donc un nouveau tour de force r\u00e9alis\u00e9 par Michel Wolf. Je pense que plus d&#8217;un concepteur de switch, d&#8217;enceintes ou bien de streamer seraient surpris d&#8217;entendre ce qu&#8217;il est encore possible de d\u00e9gager comme qualit\u00e9s endormies ou latentes.<\/p>\n","protected":false},"excerpt":{"rendered":"<p>Hello, Je reviens vers le forum pour mettre \u00e0 jour les tests et les \u00e9volutions que j&#8217;ai effectu\u00e9 avec les produits inerta de Michel Wolf. J&#8217;ai, en plus des diff\u00e9rents \u00e9quipements d\u00e9crits dans les messages pr\u00e9c\u00e9dents, re\u00e7u et test\u00e9 la nouvelle version des plaques Inerta \u00e0 savoir les Inerta SH dont la composition interne diff\u00e8re [&hellip;]<\/p>\n","protected":false},"author":1,"featured_media":701,"comment_status":"open","ping_status":"open","sticky":false,"template":"","format":"standard","meta":{"footnotes":""},"categories":[7],"tags":[],"class_list":{"0":"post-444","1":"post","2":"type-post","3":"status-publish","4":"format-standard","5":"has-post-thumbnail","7":"category-melomanes","8":"czr-hentry"},"jetpack_featured_media_url":"https:\/\/i0.wp.com\/www.druide-audio.fr\/wp-content\/uploads\/2023\/01\/0K0A0924-scaled.jpg?fit=2560%2C1707&ssl=1","jetpack-related-posts":[{"id":425,"url":"https:\/\/www.druide-audio.fr\/index.php\/2021\/09\/15\/tire-aux-flancs\/","url_meta":{"origin":444,"position":0},"title":"Les am\u00e9liorations sont tellement \u00e9normes que de ne pas les essayer serait une erreur \u2026 &#8211; J Souben","date":"15 septembre 2021","format":false,"excerpt":"Amis LEEDHeurs . Ayant acquis une paire de E2 Glass et \u00e9tant un testeur de \u201d Druide Audio Composite \u201d \u2026.( et c\u2019est un sacr\u00e9 boulot de suivre notre ami Michel Wolf !!! avec une certaine prise de risque !! \u2026 ) . Je vous fais part des derni\u00e8res trouvailles\u2026","rel":"","context":"Dans &quot;M\u00e9lomanes&quot;","img":{"alt_text":"","src":"https:\/\/i0.wp.com\/www.druide-audio.fr\/wp-content\/uploads\/2021\/09\/IMG_4846.jpg?fit=640%2C480&ssl=1&resize=350%2C200","width":350,"height":200},"classes":[]},{"id":256,"url":"https:\/\/www.druide-audio.fr\/index.php\/2020\/11\/01\/jacques-s\/","url_meta":{"origin":444,"position":1},"title":"Je serai quand m\u00eame curieux qu\u2019un jour l\u2019on puisse savoir ce qui se passe l\u00e0 dedans quel est ce ph\u00e9nom\u00e8ne qui apporte tant &#8211; J Souben","date":"1 novembre 2020","format":false,"excerpt":"Le 1\/11\/2020 Derni\u00e8res nouvelles du front : notre druide bien aim\u00e9 est pass\u00e9 aux pr\u00e9servatifs !!!!! oui je dis bien aux pr\u00e9servatifs \u2026. mais pas \u00e0 ceux des zigounettes non mais aux pr\u00e9servatifs INERTA \u00e0 ampli op !!!! et l\u00e0 une fois de plus ton syst\u00e8me grimpe ( pas aux\u2026","rel":"","context":"Dans &quot;M\u00e9lomanes&quot;","img":{"alt_text":"","src":"https:\/\/i0.wp.com\/www.druide-audio.fr\/wp-content\/uploads\/2020\/12\/IMG_4313.jpg?fit=640%2C480&ssl=1&resize=350%2C200","width":350,"height":200},"classes":[]},{"id":1293,"url":"https:\/\/www.druide-audio.fr\/index.php\/2023\/03\/13\/renforcement-des-nuances-mais-aussi-des-matieres-sonores-philippe-deslande\/","url_meta":{"origin":444,"position":2},"title":"Renforcement\u00a0des\u00a0nuances mais aussi\u00a0des\u00a0mati\u00e8res sonores &#8211; Philippe Deslande","date":"13 mars 2023","format":false,"excerpt":"Salut Michel! C'est bon j'ai eu un peu de temps pour moi pour \u00e9couter mon installation et pour \u00e9crire ces quelques lignes de CR. Pour info, je suis actuellement en full Inerta sous le streamer: plaque Inerta + pied Inerta + plaque Inerta. Cette configuration me ravit ainsi. \"Voici le\u2026","rel":"","context":"Dans &quot;M\u00e9lomanes&quot;","img":{"alt_text":"","src":"https:\/\/i0.wp.com\/www.druide-audio.fr\/wp-content\/uploads\/2023\/01\/Capture-decran-2023-01-27-a-08.41.12.png?fit=1200%2C542&ssl=1&resize=350%2C200","width":350,"height":200},"classes":[]},{"id":1,"url":"https:\/\/www.druide-audio.fr\/index.php\/2020\/09\/08\/bonjour-tout-le-monde\/","url_meta":{"origin":444,"position":3},"title":"Le son n&#8217;est plus comme avant, il a une plus grande classe, comme si il avait pris de l&#8217;assurance, de l&#8217;ampleur, &#8211; J-H Breton","date":"8 septembre 2020","format":false,"excerpt":"le\u00a0: 05 \/02 \/2020 Essais des plaques INERTA avec leurs Pieds Je poss\u00e8de chez moi un syst\u00e8me haute fid\u00e9lit\u00e9 que l'on peut consid\u00e9rer comme Vintage, que je connais bien, compos\u00e9 comme suit\u00a0: 1 lecteur CD Onkyo Int\u00e9gra DX-320, 1 amplificateur Kenwood KA-2500 reconditionn\u00e9 par Mr PONS de SON et PASSION,\u2026","rel":"","context":"Dans &quot;M\u00e9lomanes&quot;","img":{"alt_text":"","src":"https:\/\/i0.wp.com\/www.druide-audio.fr\/wp-content\/uploads\/2020\/09\/P1000196-scaled.jpg?fit=1200%2C900&ssl=1&resize=350%2C200","width":350,"height":200},"classes":[]},{"id":449,"url":"https:\/\/www.druide-audio.fr\/index.php\/2022\/03\/26\/magic-mastering\/","url_meta":{"origin":444,"position":4},"title":"Plus clair, plus lisible&#8230; Magic Mastering","date":"26 mars 2022","format":false,"excerpt":"...\/... concernant nos tests, c\u2019est sous les enceintes que nous avons appr\u00e9cier vos produits, c\u2019est vraiment tr\u00e8s int\u00e9ressant, \u00e7a apporte du contr\u00f4le dans le grave et la musique est tr\u00e8s bien pr\u00e9sent\u00e9e. Nous avons mis en place les INERTA SH, nous n\u2019avons pas test\u00e9 les autres plaques sous les enceintes.\u2026","rel":"","context":"Dans &quot;Pro&quot;","img":{"alt_text":"","src":"https:\/\/i0.wp.com\/www.druide-audio.fr\/wp-content\/uploads\/2022\/03\/magic-mastering.jpg?fit=500%2C300&ssl=1&resize=350%2C200","width":350,"height":200},"classes":[]},{"id":407,"url":"https:\/\/www.druide-audio.fr\/index.php\/2021\/05\/18\/philippe-pel-toscane\/","url_meta":{"origin":444,"position":5},"title":"&#8220;Boom&#8221; ! Le son de chez Patatorz","date":"18 mai 2021","format":false,"excerpt":"Philippe, 29\/04\/2021 Ayant des pieds Inerta depuis quelques jours sous mes enceintes \u00e0 la place des plots Bfly, je veux vous faire partager mes impressions d'\u00e9coute et les am\u00e9liorations que cela \u00e0 apporter \u00e0 mon syst\u00e8me ...\/.. Mes premiers mots....\"wouah!!...j'ai chang\u00e9 mes enceintes pour le mod\u00e8le haut de gamme de\u2026","rel":"","context":"Dans &quot;Pro&quot;","img":{"alt_text":"","src":"https:\/\/i0.wp.com\/www.druide-audio.fr\/wp-content\/uploads\/2021\/05\/le-son-de-chez-patatorz.jpg?fit=500%2C300&ssl=1&resize=350%2C200","width":350,"height":200},"classes":[]}],"_links":{"self":[{"href":"https:\/\/www.druide-audio.fr\/index.php\/wp-json\/wp\/v2\/posts\/444","targetHints":{"allow":["GET"]}}],"collection":[{"href":"https:\/\/www.druide-audio.fr\/index.php\/wp-json\/wp\/v2\/posts"}],"about":[{"href":"https:\/\/www.druide-audio.fr\/index.php\/wp-json\/wp\/v2\/types\/post"}],"author":[{"embeddable":true,"href":"https:\/\/www.druide-audio.fr\/index.php\/wp-json\/wp\/v2\/users\/1"}],"replies":[{"embeddable":true,"href":"https:\/\/www.druide-audio.fr\/index.php\/wp-json\/wp\/v2\/comments?post=444"}],"version-history":[{"count":2,"href":"https:\/\/www.druide-audio.fr\/index.php\/wp-json\/wp\/v2\/posts\/444\/revisions"}],"predecessor-version":[{"id":446,"href":"https:\/\/www.druide-audio.fr\/index.php\/wp-json\/wp\/v2\/posts\/444\/revisions\/446"}],"wp:featuredmedia":[{"embeddable":true,"href":"https:\/\/www.druide-audio.fr\/index.php\/wp-json\/wp\/v2\/media\/701"}],"wp:attachment":[{"href":"https:\/\/www.druide-audio.fr\/index.php\/wp-json\/wp\/v2\/media?parent=444"}],"wp:term":[{"taxonomy":"category","embeddable":true,"href":"https:\/\/www.druide-audio.fr\/index.php\/wp-json\/wp\/v2\/categories?post=444"},{"taxonomy":"post_tag","embeddable":true,"href":"https:\/\/www.druide-audio.fr\/index.php\/wp-json\/wp\/v2\/tags?post=444"}],"curies":[{"name":"wp","href":"https:\/\/api.w.org\/{rel}","templated":true}]}}