{"id":869,"date":"2023-01-30T01:14:58","date_gmt":"2023-01-30T00:14:58","guid":{"rendered":"https:\/\/www.druide-audio.fr\/?p=869"},"modified":"2023-03-10T12:38:48","modified_gmt":"2023-03-10T11:38:48","slug":"diapason","status":"publish","type":"post","link":"https:\/\/www.druide-audio.fr\/index.php\/2023\/01\/30\/diapason\/","title":{"rendered":"Absorber les vibrations et transformer leurs \u00e9nergies&#8230; Diapason"},"content":{"rendered":"<p>&#8216;Diapason&#8217; bouquin sp\u00e9cialis\u00e9 dans la Sic et hi fi.<\/p>\n<p><img loading=\"lazy\" decoding=\"async\" class=\"alignnone size-medium wp-image-870\" src=\"https:\/\/i0.wp.com\/www.druide-audio.fr\/wp-content\/uploads\/2023\/01\/Capture-decran-2023-01-30-a-01.12.12.png?resize=224%2C300&#038;ssl=1\" alt=\"\" width=\"224\" height=\"300\" srcset=\"https:\/\/i0.wp.com\/www.druide-audio.fr\/wp-content\/uploads\/2023\/01\/Capture-decran-2023-01-30-a-01.12.12.png?resize=224%2C300&amp;ssl=1 224w, https:\/\/i0.wp.com\/www.druide-audio.fr\/wp-content\/uploads\/2023\/01\/Capture-decran-2023-01-30-a-01.12.12.png?resize=764%2C1024&amp;ssl=1 764w, https:\/\/i0.wp.com\/www.druide-audio.fr\/wp-content\/uploads\/2023\/01\/Capture-decran-2023-01-30-a-01.12.12.png?resize=768%2C1030&amp;ssl=1 768w, https:\/\/i0.wp.com\/www.druide-audio.fr\/wp-content\/uploads\/2023\/01\/Capture-decran-2023-01-30-a-01.12.12.png?w=774&amp;ssl=1 774w\" sizes=\"auto, (max-width: 224px) 100vw, 224px\" data-recalc-dims=\"1\" \/><\/p>\n","protected":false},"excerpt":{"rendered":"<p>&#8216;Diapason&#8217; bouquin sp\u00e9cialis\u00e9 dans la Sic et hi fi.<\/p>\n","protected":false},"author":1,"featured_media":1227,"comment_status":"open","ping_status":"open","sticky":false,"template":"","format":"standard","meta":{"footnotes":""},"categories":[6],"tags":[],"class_list":{"0":"post-869","1":"post","2":"type-post","3":"status-publish","4":"format-standard","5":"has-post-thumbnail","7":"category-pro","8":"czr-hentry"},"jetpack_featured_media_url":"https:\/\/i0.wp.com\/www.druide-audio.fr\/wp-content\/uploads\/2023\/01\/Capture-decran-2023-02-21-a-14.38.06.png?fit=1110%2C756&ssl=1","jetpack-related-posts":[{"id":142,"url":"https:\/\/www.druide-audio.fr\/index.php\/2020\/09\/09\/gilles-lanshlo\/","url_meta":{"origin":869,"position":0},"title":"L&#8217;instantan\u00e9it\u00e9, l&#8217;extinction des notes et les silences sont consid\u00e9rablement am\u00e9lior\u00e9s. &#8211; Gilles (Lanshlo) 2 avis","date":"9 septembre 2020","format":false,"excerpt":"Avis 1 Bonsoir Michel, J\u2019avance dans l\u2019\u00e9coute. Encore une fois je n\u2019ai pas de talent naturel dans ce domaine et mes impressions sont \u00e0 manier avec des pincettes. D\u2019abord je me pose la question de savoir si les supports en place sous les enceintes ont un effet sur l\u2019accord des\u2026","rel":"","context":"Dans &quot;M\u00e9lomanes&quot;","img":{"alt_text":"","src":"https:\/\/i0.wp.com\/www.druide-audio.fr\/wp-content\/uploads\/2023\/01\/Capture-decran-2023-01-27-a-08.41.12.png?fit=1200%2C542&ssl=1&resize=350%2C200","width":350,"height":200},"classes":[]},{"id":365,"url":"https:\/\/www.druide-audio.fr\/index.php\/2023\/03\/01\/burson-audio-adopte-inerta\/","url_meta":{"origin":869,"position":1},"title":"Burson Audio adopte INERTA !","date":"1 mars 2023","format":false,"excerpt":"\u00a0 le 16\/04\/2021 Hi Michel, It's good to hear from you and apologise for the delay in reply. Second and most importantly, your\u00a0INERTA\u00a0plate with glass marble joints is very impressive.\u00a0 The soundstage of our newly developed Timekeeper 3i never sounded better. : ) We can hear the difference with both\u2026","rel":"","context":"Dans &quot;Pro&quot;","img":{"alt_text":"","src":"https:\/\/i0.wp.com\/www.druide-audio.fr\/wp-content\/uploads\/2021\/04\/burson-.jpg?fit=500%2C300&ssl=1&resize=350%2C200","width":350,"height":200},"classes":[]},{"id":891,"url":"https:\/\/www.druide-audio.fr\/index.php\/2023\/01\/30\/tecsart\/","url_meta":{"origin":869,"position":2},"title":"Les amplificateurs gagnent en ampleur et focalisation, les lecteur CD en pr\u00e9cision et fluidit\u00e9. &#8211; Tecsart","date":"30 janvier 2023","format":false,"excerpt":"Bonjour Michel, Apr\u00e8s quelque mois de convivence avec la tablette Inerta on a pu l\u2019essayer sous diff\u00e9rentes \u00e9lectroniques. En g\u00e9n\u00e9ral le bienfait est constat\u00e9 sur tous les appareils de forme plus ou moins \u00e9vidente selon nature, poids et construction de l\u2019\u00e9l\u00e9ment qu\u2019on pose dessus. Je constate que les amplificateurs \u00e0\u2026","rel":"","context":"Dans &quot;Pro&quot;","img":{"alt_text":"","src":"https:\/\/i0.wp.com\/www.druide-audio.fr\/wp-content\/uploads\/2023\/01\/Capture-decran-2023-02-21-a-14.36.39.png?fit=560%2C404&ssl=1&resize=350%2C200","width":350,"height":200},"classes":[]},{"id":376,"url":"https:\/\/www.druide-audio.fr\/index.php\/2021\/04\/27\/et-pourtant-elle-tourne\/","url_meta":{"origin":869,"position":3},"title":"La vitesse est juste pile et tr\u00e8s stable &#8211; Just Listen","date":"27 avril 2021","format":false,"excerpt":"Just Listen, le 27\/04\/2021 Je poss\u00e8de un peu tout ce qu'a commis notre ami Michel depuis le d\u00e9but : divers supports pour les \u00e9lectroniques (amplis, DAC, Mac mini, platine CD, vinyle, couvres AOP Burson, ...), enceintes Leedh E2, sans compter un ch\u00e2ssis d'amplificateur DIY con\u00e7u sur mesure. Mais lorsque le\u2026","rel":"","context":"Dans &quot;M\u00e9lomanes&quot;","img":{"alt_text":"","src":"https:\/\/i0.wp.com\/www.druide-audio.fr\/wp-content\/uploads\/2020\/11\/Platine1-scaled.jpg?fit=900%2C1200&ssl=1&resize=350%2C200","width":350,"height":200},"classes":[]},{"id":449,"url":"https:\/\/www.druide-audio.fr\/index.php\/2022\/03\/26\/magic-mastering\/","url_meta":{"origin":869,"position":4},"title":"Plus clair, plus lisible&#8230; Magic Mastering","date":"26 mars 2022","format":false,"excerpt":"...\/... concernant nos tests, c\u2019est sous les enceintes que nous avons appr\u00e9cier vos produits, c\u2019est vraiment tr\u00e8s int\u00e9ressant, \u00e7a apporte du contr\u00f4le dans le grave et la musique est tr\u00e8s bien pr\u00e9sent\u00e9e. Nous avons mis en place les INERTA SH, nous n\u2019avons pas test\u00e9 les autres plaques sous les enceintes.\u2026","rel":"","context":"Dans &quot;Pro&quot;","img":{"alt_text":"","src":"https:\/\/i0.wp.com\/www.druide-audio.fr\/wp-content\/uploads\/2022\/03\/magic-mastering.jpg?fit=500%2C300&ssl=1&resize=350%2C200","width":350,"height":200},"classes":[]},{"id":407,"url":"https:\/\/www.druide-audio.fr\/index.php\/2021\/05\/18\/philippe-pel-toscane\/","url_meta":{"origin":869,"position":5},"title":"&#8220;Boom&#8221; ! Le son de chez Patatorz","date":"18 mai 2021","format":false,"excerpt":"Philippe, 29\/04\/2021 Ayant des pieds Inerta depuis quelques jours sous mes enceintes \u00e0 la place des plots Bfly, je veux vous faire partager mes impressions d'\u00e9coute et les am\u00e9liorations que cela \u00e0 apporter \u00e0 mon syst\u00e8me ...\/.. Mes premiers mots....\"wouah!!...j'ai chang\u00e9 mes enceintes pour le mod\u00e8le haut de gamme de\u2026","rel":"","context":"Dans &quot;Pro&quot;","img":{"alt_text":"","src":"https:\/\/i0.wp.com\/www.druide-audio.fr\/wp-content\/uploads\/2021\/05\/le-son-de-chez-patatorz.jpg?fit=500%2C300&ssl=1&resize=350%2C200","width":350,"height":200},"classes":[]}],"_links":{"self":[{"href":"https:\/\/www.druide-audio.fr\/index.php\/wp-json\/wp\/v2\/posts\/869","targetHints":{"allow":["GET"]}}],"collection":[{"href":"https:\/\/www.druide-audio.fr\/index.php\/wp-json\/wp\/v2\/posts"}],"about":[{"href":"https:\/\/www.druide-audio.fr\/index.php\/wp-json\/wp\/v2\/types\/post"}],"author":[{"embeddable":true,"href":"https:\/\/www.druide-audio.fr\/index.php\/wp-json\/wp\/v2\/users\/1"}],"replies":[{"embeddable":true,"href":"https:\/\/www.druide-audio.fr\/index.php\/wp-json\/wp\/v2\/comments?post=869"}],"version-history":[{"count":3,"href":"https:\/\/www.druide-audio.fr\/index.php\/wp-json\/wp\/v2\/posts\/869\/revisions"}],"predecessor-version":[{"id":1283,"href":"https:\/\/www.druide-audio.fr\/index.php\/wp-json\/wp\/v2\/posts\/869\/revisions\/1283"}],"wp:featuredmedia":[{"embeddable":true,"href":"https:\/\/www.druide-audio.fr\/index.php\/wp-json\/wp\/v2\/media\/1227"}],"wp:attachment":[{"href":"https:\/\/www.druide-audio.fr\/index.php\/wp-json\/wp\/v2\/media?parent=869"}],"wp:term":[{"taxonomy":"category","embeddable":true,"href":"https:\/\/www.druide-audio.fr\/index.php\/wp-json\/wp\/v2\/categories?post=869"},{"taxonomy":"post_tag","embeddable":true,"href":"https:\/\/www.druide-audio.fr\/index.php\/wp-json\/wp\/v2\/tags?post=869"}],"curies":[{"name":"wp","href":"https:\/\/api.w.org\/{rel}","templated":true}]}}